{"id":176,"date":"2024-07-25T09:29:59","date_gmt":"2024-07-25T09:29:59","guid":{"rendered":"https:\/\/www.totiaranalquilerbaqueira.com\/blog\/https-apartamentos-totiaranalquilerbaqueira-com-la-urbanizacion-mas-exclusiva-la-pleta-de-baqueira\/"},"modified":"2026-04-08T14:54:28","modified_gmt":"2026-04-08T14:54:28","slug":"la-urbanizacion-mas-exclusiva-la-pleta-de-baqueira","status":"publish","type":"post","link":"https:\/\/www.totiaranalquilerbaqueira.com\/blog\/la-urbanizacion-mas-exclusiva-la-pleta-de-baqueira\/","title":{"rendered":"La urbanizaci\u00f3n m\u00e1s exclusiva, la Pleta de Baqueira"},"content":{"rendered":"\t\t<div data-elementor-type=\"wp-post\" data-elementor-id=\"176\" class=\"elementor elementor-176\" data-elementor-post-type=\"post\">\n\t\t\t\t\t\t<section class=\"elementor-section elementor-top-section elementor-element elementor-element-3bbff9e3 elementor-section-boxed elementor-section-height-default elementor-section-height-default\" data-id=\"3bbff9e3\" data-element_type=\"section\" data-e-type=\"section\">\n\t\t\t\t\t\t<div class=\"elementor-container elementor-column-gap-default\">\n\t\t\t\t\t<div class=\"elementor-column elementor-col-100 elementor-top-column elementor-element elementor-element-54d9a8df\" data-id=\"54d9a8df\" data-element_type=\"column\" data-e-type=\"column\">\n\t\t\t<div class=\"elementor-widget-wrap elementor-element-populated\">\n\t\t\t\t\t\t<div class=\"elementor-element elementor-element-2af399b5 elementor-widget elementor-widget-text-editor\" data-id=\"2af399b5\" data-element_type=\"widget\" data-e-type=\"widget\" data-widget_type=\"text-editor.default\">\n\t\t\t\t<div class=\"elementor-widget-container\">\n\t\t\t\t\t\t\t\t\t<p>Baqueira Beret es la mejor estaci\u00f3n de esqu\u00ed del pa\u00eds, con m\u00e1s de 155 kil\u00f3metros de pistas donde practicar todo tipo de deportes de nieve. Para que tu estancia sea de verdad especial, elegir bien d\u00f3nde dormir es clave. En este sentido, la pleta Baqueira destaca como una de las zonas m\u00e1s exclusivas y c\u00f3modas para disfrutar de la nieve con todo a mano.<\/p><h2>La urbanizaci\u00f3n m\u00e1s exclusiva, la Pleta<\/h2><p>La urbanizaci\u00f3n <strong>La Pleta de Baqueira<\/strong> est\u00e1 situada a pie de pistas en la cota 1500. Un complejo con unos servicios excelentes, ya que es una zona vigilada y cuenta con un servicio privado para ir a las pistas.<\/p><p>Si est\u00e1s pensando en una escapada, puedes empezar explorando opciones de <a href=\"https:\/\/www.totiaranalquilerbaqueira.com\/alojamientos-vacacionales-valle-de-aran\/\">alojamiento vacacional en el Valle de Ar\u00e1n,<\/a> donde encontrar\u00e1s distintas alternativas seg\u00fan el tipo de viaje que quieras hacer. Y si buscas cercan\u00eda real a pistas, un alquiler en Pleta de Baqueira es una de las mejores decisiones.<\/p><p><img fetchpriority=\"high\" decoding=\"async\" class=\"alignnone wp-image-736 size-full\" src=\"https:\/\/www.totiaranalquilerbaqueira.com\/blog\/wp-content\/uploads\/2024\/08\/pleta-de-baqueira-plano-acceso-pistas.webp\" alt=\"en Pleta de Baqueira plano accesos\" width=\"600\" height=\"613\" srcset=\"https:\/\/www.totiaranalquilerbaqueira.com\/blog\/wp-content\/uploads\/2024\/08\/pleta-de-baqueira-plano-acceso-pistas.webp 600w, https:\/\/www.totiaranalquilerbaqueira.com\/blog\/wp-content\/uploads\/2024\/08\/pleta-de-baqueira-plano-acceso-pistas-294x300.webp 294w\" sizes=\"(max-width: 600px) 100vw, 600px\" \/><\/p><p style=\"font-size: 18px;\"><strong>La urbanizaci\u00f3n La Pleta de Baqueira, una de las zonas m\u00e1s exclusivas<\/strong><\/p><p>La urbanizaci\u00f3n la Pleta Baqueira est\u00e1 situada a pie de pistas, en la <em>cota 1500<\/em>, y es una de las ubicaciones m\u00e1s demandadas de Baqueira Beret.\u00a0<\/p><p>Se trata de un complejo privado con vigilancia y con un servicio de transporte interno gratuito que conecta toda la urbanizaci\u00f3n con el telesilla de <a href=\"https:\/\/www.totiaranalquilerbaqueira.com\/alquiler\/alquileres-baqueira-1500-val-de-ruda-baqueira-n1906304\/\">Baqueira 1500<\/a>. Esto permite moverse de manera c\u00f3moda sin necesidad de coche, algo que es \u00fatil en temporada alta.\u00a0<\/p><p>Su ubicaci\u00f3n permite disfrutar de las <a href=\"https:\/\/www.totiaranalquilerbaqueira.com\/blog\/las-mejores-pistas-de-esqui-en-baqueira-beret\/\">mejores pistas de esqu\u00ed en Baqueira Beret<\/a>, aprovechando al m\u00e1ximo cada jornada en la nieve.\u00a0<\/p><h2>Por qu\u00e9 elegir un alquiler en Pleta Baqueira<\/h2><p>Elegir un alquiler en Pleta de Baqueira no solo es cuesti\u00f3n de ubicaci\u00f3n, sino de experiencia.\u00a0<\/p><p>La urbanizaci\u00f3n la Pleta Baqueira ofrece tranquilidad, acceso r\u00e1pido a pistas y alojamientos con encanto de monta\u00f1a. Adem\u00e1s, puedes complementar tu viaje con diferentes <a href=\"https:\/\/www.totiaranalquilerbaqueira.com\/blog\/category\/actividades-en-baqueira\/\">actividades en Baqueira<\/a> \u00a0o disfrutar de otras <a href=\"https:\/\/www.totiaranalquilerbaqueira.com\/experiencias-actividades-baqueira-valle-aran\/\">experiencias en el Valle de Ar\u00e1n<\/a> m\u00e1s all\u00e1 del esqu\u00ed.\u00a0<\/p><h2>Las mejores vistas: Casa Pomarin<\/h2><p>Casa Pomarin es una magn\u00edfica casa unifamiliar situada en la exclusiva urbanizaci\u00f3n la Pleta de Baqueira,<strong> a pie de pistas en la cota 1500<\/strong>. Su ubicaci\u00f3n es perfecta para disfrutar de unos d\u00edas en la nieve con total comodidad.\u00a0<\/p><p>Cuenta con 5 dormitorios y capacidad para 10 personas, distribuidos en varias plantas con un estilo r\u00fastico t\u00edpico del Valle de Ar\u00e1n. Su sal\u00f3n con chimenea y su balc\u00f3n con vistas hacen que sea una opci\u00f3n ideal para relajarse tras esquiar.\u00a0<\/p><p><img decoding=\"async\" class=\"alignnone wp-image-739 size-full\" src=\"https:\/\/www.totiaranalquilerbaqueira.com\/blog\/wp-content\/uploads\/2024\/08\/pleta-de-baqueira-pomarin.webp\" alt=\"Casa Pomarin en Pleta de Baqueira\" width=\"600\" height=\"400\" srcset=\"https:\/\/www.totiaranalquilerbaqueira.com\/blog\/wp-content\/uploads\/2024\/08\/pleta-de-baqueira-pomarin.webp 600w, https:\/\/www.totiaranalquilerbaqueira.com\/blog\/wp-content\/uploads\/2024\/08\/pleta-de-baqueira-pomarin-300x200.webp 300w\" sizes=\"(max-width: 600px) 100vw, 600px\" \/><\/p><h2>Para el confort &amp; relax: Casa Gisela<\/h2><p>Casa Gisela es una espectacular vivienda reformada dentro de la urbanizaci\u00f3n La Pleta Baqueira, pensada para quienes buscan descanso y calidad.\u00a0<\/p><p>Destaca por su sauna, perfecta para desconectar despu\u00e9s de un d\u00eda en pistas. Dispone de 4 habitaciones con ba\u00f1o, sal\u00f3n con chimenea y vistas abiertas al valle.\u00a0<\/p><p>Una opci\u00f3n ideal dentro del alquiler en Pleta de Baqueira para familias o grupos.\u00a0<\/p><p><img decoding=\"async\" class=\"alignnone wp-image-730 size-full\" src=\"https:\/\/www.totiaranalquilerbaqueira.com\/blog\/wp-content\/uploads\/2024\/08\/pleta-de-baqueira-Casa-Gisela.webp\" alt=\"Casa Gisela en Pleta de Baqueira\" width=\"600\" height=\"399\" srcset=\"https:\/\/www.totiaranalquilerbaqueira.com\/blog\/wp-content\/uploads\/2024\/08\/pleta-de-baqueira-Casa-Gisela.webp 600w, https:\/\/www.totiaranalquilerbaqueira.com\/blog\/wp-content\/uploads\/2024\/08\/pleta-de-baqueira-Casa-Gisela-300x200.webp 300w\" sizes=\"(max-width: 600px) 100vw, 600px\" \/><\/p><h2>Era Cascada: un apartamento acogedor a pie de pistas<\/h2><p>Era Cascada es un acogedor apartamento en La Pleta de Baqueira, con un estilo t\u00edpico de monta\u00f1a que lo hace especialmente confortable.\u00a0<\/p><p>Su ubicaci\u00f3n permite disfrutar de la experiencia de esquiar pr\u00e1cticamente desde la puerta, adem\u00e1s de contar con guarda esqu\u00eds y transporte interno hasta pistas.\u00a0<\/p><p>Para quienes buscan m\u00e1xima comodidad, tambi\u00e9n puedes explorar otras opciones de <a href=\"https:\/\/www.totiaranalquilerbaqueira.com\/alojamientos-vacacionales-baqueira-pie-de-pistas\/\">alojamientos a pie de pistas en Baqueira<\/a>.<\/p><p><img loading=\"lazy\" decoding=\"async\" class=\"alignnone wp-image-733 size-full\" src=\"https:\/\/www.totiaranalquilerbaqueira.com\/blog\/wp-content\/uploads\/2024\/08\/pleta-de-baqueira-era-cascada.webp\" alt=\"Era Cascada en Pleta de Baqueira\" width=\"600\" height=\"399\" srcset=\"https:\/\/www.totiaranalquilerbaqueira.com\/blog\/wp-content\/uploads\/2024\/08\/pleta-de-baqueira-era-cascada.webp 600w, https:\/\/www.totiaranalquilerbaqueira.com\/blog\/wp-content\/uploads\/2024\/08\/pleta-de-baqueira-era-cascada-300x200.webp 300w\" sizes=\"(max-width: 600px) 100vw, 600px\" \/><\/p><h2>Casa Er Os: perfecta para familias y grupos<\/h2><p>Casa Er Os es una vivienda amplia, ideal para grupos grandes o familias.\u00a0<\/p><p>Con <strong>capacidad para 12 personas<\/strong> y varias plantas, ofrece espacios c\u00f3modos y funcionales dentro de la urbanizaci\u00f3n La Pleta Baqueira. Su terraza con vistas y su distribuci\u00f3n la convierten en una opci\u00f3n muy completa.<\/p><p><img loading=\"lazy\" decoding=\"async\" class=\"alignnone wp-image-727 size-full\" src=\"https:\/\/www.totiaranalquilerbaqueira.com\/blog\/wp-content\/uploads\/2024\/08\/pleta-de-baqueira-casa-er-os.webp\" alt=\"Casa Er Os en Pleta de Baqueira\" width=\"600\" height=\"399\" srcset=\"https:\/\/www.totiaranalquilerbaqueira.com\/blog\/wp-content\/uploads\/2024\/08\/pleta-de-baqueira-casa-er-os.webp 600w, https:\/\/www.totiaranalquilerbaqueira.com\/blog\/wp-content\/uploads\/2024\/08\/pleta-de-baqueira-casa-er-os-300x200.webp 300w\" sizes=\"(max-width: 600px) 100vw, 600px\" \/><\/p><h2>Una opci\u00f3n destacada cerca de pistas en Baqueira 1500<\/h2><p>Adem\u00e1s de La Pleta, existen otras opciones muy interesantes para alojarse cerca de pistas. Por ejemplo, este alojamiento en <strong>Baqueira 1500<\/strong> en Val de Ruda es perfecto para quienes buscan comodidad, buena ubicaci\u00f3n y acceso r\u00e1pido a la estaci\u00f3n.<\/p><p>Este tipo de alojamientos complementa la oferta de la zona y permite encontrar alternativas seg\u00fan disponibilidad o preferencias.<\/p><h3>La Pleta Baqueira, una de las mejores zonas para alojarse en la nieve<\/h3><p>\u00a0Alojarse en La Pleta Baqueira es aportar por <em><strong>comodidad, ubicaci\u00f3n y calidad<\/strong><\/em>. La cercan\u00eda a pistas, los servicios exclusivos y el entorno hacen que sea una de las mejores zonas para disfrutar de Baqueira Beret.\u00a0<\/p><p>Tanto si viajas en pareja como en familia o con amigos, optar por un alquiler en Pleta de Baqueira te permitir\u00e1 <em>aprovechar al m\u00e1ximo cada d\u00eda en la nieve<\/em>.\u00a0<\/p><h2 data-section-id=\"1b0yklh\" data-start=\"5325\" data-end=\"5375\"><span role=\"text\">Preguntas frecuentes sobre la Pleta Baqueira<\/span><\/h2>\t\t\t\t\t\t\t\t<\/div>\n\t\t\t\t<\/div>\n\t\t\t\t<div class=\"elementor-element elementor-element-1bf57e8 elementor-widget elementor-widget-n-accordion\" data-id=\"1bf57e8\" data-element_type=\"widget\" data-e-type=\"widget\" data-settings=\"{&quot;default_state&quot;:&quot;expanded&quot;,&quot;max_items_expended&quot;:&quot;one&quot;,&quot;n_accordion_animation_duration&quot;:{&quot;unit&quot;:&quot;ms&quot;,&quot;size&quot;:400,&quot;sizes&quot;:[]}}\" data-widget_type=\"nested-accordion.default\">\n\t\t\t\t<div class=\"elementor-widget-container\">\n\t\t\t\t\t\t\t<div class=\"e-n-accordion\" aria-label=\"Accordion. Open links with Enter or Space, close with Escape, and navigate with Arrow Keys\">\n\t\t\t\t\t\t<details id=\"e-n-accordion-item-2930\" class=\"e-n-accordion-item\" open>\n\t\t\t\t<summary class=\"e-n-accordion-item-title\" data-accordion-index=\"1\" tabindex=\"0\" aria-expanded=\"true\" aria-controls=\"e-n-accordion-item-2930\" >\n\t\t\t\t\t<span class='e-n-accordion-item-title-header'><div class=\"e-n-accordion-item-title-text\"> \u00bfQu\u00e9 es la Pleta de Baqueira? <\/div><\/span>\n\t\t\t\t\t\t\t<span class='e-n-accordion-item-title-icon'>\n\t\t\t<span class='e-opened' ><i aria-hidden=\"true\" class=\"fas fa-minus\"><\/i><\/span>\n\t\t\t<span class='e-closed'><i aria-hidden=\"true\" class=\"fas fa-plus\"><\/i><\/span>\n\t\t<\/span>\n\n\t\t\t\t\t\t<\/summary>\n\t\t\t\t<div role=\"region\" aria-labelledby=\"e-n-accordion-item-2930\" class=\"elementor-element elementor-element-0d8f612 e-con-full e-flex e-con e-child\" data-id=\"0d8f612\" data-element_type=\"container\" data-e-type=\"container\">\n\t\t\t\t<div class=\"elementor-element elementor-element-c2f2bfb elementor-widget elementor-widget-text-editor\" data-id=\"c2f2bfb\" data-element_type=\"widget\" data-e-type=\"widget\" data-widget_type=\"text-editor.default\">\n\t\t\t\t<div class=\"elementor-widget-container\">\n\t\t\t\t\t\t\t\t\t<p data-start=\"90\" data-end=\"336\">La Pleta de Baqueira es una urbanizaci\u00f3n exclusiva situada a pie de pistas en Baqueira Beret, en la cota 1500. Destaca por su entorno privado, su seguridad y sus servicios, como el transporte interno que facilita el acceso directo a los remontes.<\/p>\t\t\t\t\t\t\t\t<\/div>\n\t\t\t\t<\/div>\n\t\t\t\t<\/div>\n\t\t\t\t\t<\/details>\n\t\t\t\t\t\t<details id=\"e-n-accordion-item-2931\" class=\"e-n-accordion-item\" >\n\t\t\t\t<summary class=\"e-n-accordion-item-title\" data-accordion-index=\"2\" tabindex=\"-1\" aria-expanded=\"false\" aria-controls=\"e-n-accordion-item-2931\" >\n\t\t\t\t\t<span class='e-n-accordion-item-title-header'><div class=\"e-n-accordion-item-title-text\"> \u00bfEs mejor alojarse en la Pleta o en otras zonas de Baqueira <\/div><\/span>\n\t\t\t\t\t\t\t<span class='e-n-accordion-item-title-icon'>\n\t\t\t<span class='e-opened' ><i aria-hidden=\"true\" class=\"fas fa-minus\"><\/i><\/span>\n\t\t\t<span class='e-closed'><i aria-hidden=\"true\" class=\"fas fa-plus\"><\/i><\/span>\n\t\t<\/span>\n\n\t\t\t\t\t\t<\/summary>\n\t\t\t\t<div role=\"region\" aria-labelledby=\"e-n-accordion-item-2931\" class=\"elementor-element elementor-element-45bbd12 e-con-full e-flex e-con e-child\" data-id=\"45bbd12\" data-element_type=\"container\" data-e-type=\"container\">\n\t\t\t\t<div class=\"elementor-element elementor-element-6e212c6 elementor-widget elementor-widget-text-editor\" data-id=\"6e212c6\" data-element_type=\"widget\" data-e-type=\"widget\" data-widget_type=\"text-editor.default\">\n\t\t\t\t<div class=\"elementor-widget-container\">\n\t\t\t\t\t\t\t\t\t<p data-start=\"617\" data-end=\"775\">Depende del tipo de viaje: la Pleta es ideal si buscas tranquilidad y exclusividad, mientras que otras zonas pueden ofrecer m\u00e1s ambiente o servicios cercanos.<\/p>\t\t\t\t\t\t\t\t<\/div>\n\t\t\t\t<\/div>\n\t\t\t\t<\/div>\n\t\t\t\t\t<\/details>\n\t\t\t\t\t\t<details id=\"e-n-accordion-item-2932\" class=\"e-n-accordion-item\" >\n\t\t\t\t<summary class=\"e-n-accordion-item-title\" data-accordion-index=\"3\" tabindex=\"-1\" aria-expanded=\"false\" aria-controls=\"e-n-accordion-item-2932\" >\n\t\t\t\t\t<span class='e-n-accordion-item-title-header'><div class=\"e-n-accordion-item-title-text\"> \u00bfHay opciones para grupos grandes en la zona? <\/div><\/span>\n\t\t\t\t\t\t\t<span class='e-n-accordion-item-title-icon'>\n\t\t\t<span class='e-opened' ><i aria-hidden=\"true\" class=\"fas fa-minus\"><\/i><\/span>\n\t\t\t<span class='e-closed'><i aria-hidden=\"true\" class=\"fas fa-plus\"><\/i><\/span>\n\t\t<\/span>\n\n\t\t\t\t\t\t<\/summary>\n\t\t\t\t<div role=\"region\" aria-labelledby=\"e-n-accordion-item-2932\" class=\"elementor-element elementor-element-535658c e-con-full e-flex e-con e-child\" data-id=\"535658c\" data-element_type=\"container\" data-e-type=\"container\">\n\t\t\t\t<div class=\"elementor-element elementor-element-67934aa elementor-widget elementor-widget-text-editor\" data-id=\"67934aa\" data-element_type=\"widget\" data-e-type=\"widget\" data-widget_type=\"text-editor.default\">\n\t\t\t\t<div class=\"elementor-widget-container\">\n\t\t\t\t\t\t\t\t\t<p data-start=\"837\" data-end=\"956\">S\u00ed, en la Pleta de Baqueira hay casas amplias pensadas para familias o grupos, con varias habitaciones y zonas comunes.<\/p>\t\t\t\t\t\t\t\t<\/div>\n\t\t\t\t<\/div>\n\t\t\t\t<\/div>\n\t\t\t\t\t<\/details>\n\t\t\t\t\t\t<details id=\"e-n-accordion-item-2933\" class=\"e-n-accordion-item\" >\n\t\t\t\t<summary class=\"e-n-accordion-item-title\" data-accordion-index=\"4\" tabindex=\"-1\" aria-expanded=\"false\" aria-controls=\"e-n-accordion-item-2933\" >\n\t\t\t\t\t<span class='e-n-accordion-item-title-header'><div class=\"e-n-accordion-item-title-text\"> \u00bfSe puede reservar con antelaci\u00f3n online? <\/div><\/span>\n\t\t\t\t\t\t\t<span class='e-n-accordion-item-title-icon'>\n\t\t\t<span class='e-opened' ><i aria-hidden=\"true\" class=\"fas fa-minus\"><\/i><\/span>\n\t\t\t<span class='e-closed'><i aria-hidden=\"true\" class=\"fas fa-plus\"><\/i><\/span>\n\t\t<\/span>\n\n\t\t\t\t\t\t<\/summary>\n\t\t\t\t<div role=\"region\" aria-labelledby=\"e-n-accordion-item-2933\" class=\"elementor-element elementor-element-09b37a8 e-con-full e-flex e-con e-child\" data-id=\"09b37a8\" data-element_type=\"container\" data-e-type=\"container\">\n\t\t\t\t<div class=\"elementor-element elementor-element-8ed07ee elementor-widget elementor-widget-text-editor\" data-id=\"8ed07ee\" data-element_type=\"widget\" data-e-type=\"widget\" data-widget_type=\"text-editor.default\">\n\t\t\t\t<div class=\"elementor-widget-container\">\n\t\t\t\t\t\t\t\t\t<p data-start=\"1014\" data-end=\"1151\">S\u00ed, puedes consultar disponibilidad y reservar f\u00e1cilmente <a href=\"https:\/\/www.totiaranalquilerbaqueira.com\/alojamientos-vacacionales-valle-de-aran\/\">alojamientos en Baqueira<\/a>.<\/p>\t\t\t\t\t\t\t\t<\/div>\n\t\t\t\t<\/div>\n\t\t\t\t<\/div>\n\t\t\t\t\t<\/details>\n\t\t\t\t\t<\/div>\n\t\t\t\t\t\t<\/div>\n\t\t\t\t<\/div>\n\t\t\t\t\t<\/div>\n\t\t<\/div>\n\t\t\t\t\t<\/div>\n\t\t<\/section>\n\t\t\t\t<\/div>\n\t\t","protected":false},"excerpt":{"rendered":"<p>Baqueira Beret es la mejor estaci\u00f3n de esqu\u00ed del pa\u00eds, con m\u00e1s de 155 kil\u00f3metros de pistas donde practicar todo tipo de deportes de nieve. Para que tu estancia sea de verdad especial, elegir bien d\u00f3nde dormir es clave. En este sentido, la pleta Baqueira destaca como una de las zonas m\u00e1s exclusivas y c\u00f3modas [&hellip;]<\/p>\n","protected":false},"author":2,"featured_media":721,"comment_status":"closed","ping_status":"closed","sticky":false,"template":"","format":"standard","meta":{"footnotes":""},"categories":[104,141,150,143,138,144,148],"tags":[],"class_list":["post-176","post","type-post","status-publish","format-standard","has-post-thumbnail","hentry","category-activites-baqueira","category-beret-baqueira","category-ete-baqueira","category-experiences-fr","category-hebergements-a-baqueira","category-hiver-a-baqueira","category-ski-baqueira-fr"],"yoast_head":"<!-- This site is optimized with the Yoast SEO plugin v27.4 - https:\/\/yoast.com\/product\/yoast-seo-wordpress\/ -->\n<title>Pleta de Baqueira: urbanizaci\u00f3n premium de Baqueira | Toriar\u00e1n<\/title>\n<meta name=\"description\" content=\"Si vienes a Baqueira Beret a esqu\u00edar, este es el lugar. Recopilamos para ti los mejores alojamientos en la Pleta de Baqueira. \u00a1Desc\u00fabrelos!\" \/>\n<meta name=\"robots\" content=\"index, follow, max-snippet:-1, max-image-preview:large, max-video-preview:-1\" \/>\n<link rel=\"canonical\" href=\"https:\/\/www.totiaranalquilerbaqueira.com\/blog\/la-urbanizacion-mas-exclusiva-la-pleta-de-baqueira\/\" \/>\n<meta property=\"og:locale\" content=\"es_ES\" \/>\n<meta property=\"og:type\" content=\"article\" \/>\n<meta property=\"og:title\" content=\"Pleta de Baqueira: urbanizaci\u00f3n premium de Baqueira | Toriar\u00e1n\" \/>\n<meta property=\"og:description\" content=\"Si vienes a Baqueira Beret a esqu\u00edar, este es el lugar. Recopilamos para ti los mejores alojamientos en la Pleta de Baqueira. \u00a1Desc\u00fabrelos!\" \/>\n<meta property=\"og:url\" content=\"https:\/\/www.totiaranalquilerbaqueira.com\/blog\/la-urbanizacion-mas-exclusiva-la-pleta-de-baqueira\/\" \/>\n<meta property=\"og:site_name\" content=\"Blog\" \/>\n<meta property=\"article:published_time\" content=\"2024-07-25T09:29:59+00:00\" \/>\n<meta property=\"article:modified_time\" content=\"2026-04-08T14:54:28+00:00\" \/>\n<meta property=\"og:image\" content=\"https:\/\/www.totiaranalquilerbaqueira.com\/blog\/wp-content\/uploads\/2024\/07\/pleta-de-baqueira.jpg\" \/>\n\t<meta property=\"og:image:width\" content=\"1920\" \/>\n\t<meta property=\"og:image:height\" content=\"650\" \/>\n\t<meta property=\"og:image:type\" content=\"image\/jpeg\" \/>\n<meta name=\"author\" content=\"digitalservices\" \/>\n<meta name=\"twitter:card\" content=\"summary_large_image\" \/>\n<meta name=\"twitter:label1\" content=\"Escrito por\" \/>\n\t<meta name=\"twitter:data1\" content=\"digitalservices\" \/>\n\t<meta name=\"twitter:label2\" content=\"Tiempo de lectura\" \/>\n\t<meta name=\"twitter:data2\" content=\"6 minutos\" \/>\n<script type=\"application\/ld+json\" class=\"yoast-schema-graph\">{\"@context\":\"https:\\\/\\\/schema.org\",\"@graph\":[{\"@type\":\"Article\",\"@id\":\"https:\\\/\\\/www.totiaranalquilerbaqueira.com\\\/blog\\\/la-urbanizacion-mas-exclusiva-la-pleta-de-baqueira\\\/#article\",\"isPartOf\":{\"@id\":\"https:\\\/\\\/www.totiaranalquilerbaqueira.com\\\/blog\\\/la-urbanizacion-mas-exclusiva-la-pleta-de-baqueira\\\/\"},\"author\":{\"name\":\"digitalservices\",\"@id\":\"https:\\\/\\\/www.totiaranalquilerbaqueira.com\\\/blog\\\/#\\\/schema\\\/person\\\/5719c6a420b4471b1e367fc7c20852fc\"},\"headline\":\"La urbanizaci\u00f3n m\u00e1s exclusiva, la Pleta de Baqueira\",\"datePublished\":\"2024-07-25T09:29:59+00:00\",\"dateModified\":\"2026-04-08T14:54:28+00:00\",\"mainEntityOfPage\":{\"@id\":\"https:\\\/\\\/www.totiaranalquilerbaqueira.com\\\/blog\\\/la-urbanizacion-mas-exclusiva-la-pleta-de-baqueira\\\/\"},\"wordCount\":1056,\"publisher\":{\"@id\":\"https:\\\/\\\/www.totiaranalquilerbaqueira.com\\\/blog\\\/#organization\"},\"image\":{\"@id\":\"https:\\\/\\\/www.totiaranalquilerbaqueira.com\\\/blog\\\/la-urbanizacion-mas-exclusiva-la-pleta-de-baqueira\\\/#primaryimage\"},\"thumbnailUrl\":\"https:\\\/\\\/www.totiaranalquilerbaqueira.com\\\/blog\\\/wp-content\\\/uploads\\\/2024\\\/07\\\/pleta-de-baqueira.jpg\",\"articleSection\":[\"Activit\u00e9s \u00e0 Baqueira\",\"B\u00e9ret Baqueira\",\"\u00c9t\u00e9 \u00e0 Baqueira\",\"Exp\u00e9riences\",\"H\u00e9bergements \u00e0 Baqueira\",\"Hiver \u00e0 Baqueira\",\"Ski Baqueira\"],\"inLanguage\":\"es\"},{\"@type\":\"WebPage\",\"@id\":\"https:\\\/\\\/www.totiaranalquilerbaqueira.com\\\/blog\\\/la-urbanizacion-mas-exclusiva-la-pleta-de-baqueira\\\/\",\"url\":\"https:\\\/\\\/www.totiaranalquilerbaqueira.com\\\/blog\\\/la-urbanizacion-mas-exclusiva-la-pleta-de-baqueira\\\/\",\"name\":\"Pleta de Baqueira: urbanizaci\u00f3n premium de Baqueira | Toriar\u00e1n\",\"isPartOf\":{\"@id\":\"https:\\\/\\\/www.totiaranalquilerbaqueira.com\\\/blog\\\/#website\"},\"primaryImageOfPage\":{\"@id\":\"https:\\\/\\\/www.totiaranalquilerbaqueira.com\\\/blog\\\/la-urbanizacion-mas-exclusiva-la-pleta-de-baqueira\\\/#primaryimage\"},\"image\":{\"@id\":\"https:\\\/\\\/www.totiaranalquilerbaqueira.com\\\/blog\\\/la-urbanizacion-mas-exclusiva-la-pleta-de-baqueira\\\/#primaryimage\"},\"thumbnailUrl\":\"https:\\\/\\\/www.totiaranalquilerbaqueira.com\\\/blog\\\/wp-content\\\/uploads\\\/2024\\\/07\\\/pleta-de-baqueira.jpg\",\"datePublished\":\"2024-07-25T09:29:59+00:00\",\"dateModified\":\"2026-04-08T14:54:28+00:00\",\"description\":\"Si vienes a Baqueira Beret a esqu\u00edar, este es el lugar. Recopilamos para ti los mejores alojamientos en la Pleta de Baqueira. \u00a1Desc\u00fabrelos!\",\"breadcrumb\":{\"@id\":\"https:\\\/\\\/www.totiaranalquilerbaqueira.com\\\/blog\\\/la-urbanizacion-mas-exclusiva-la-pleta-de-baqueira\\\/#breadcrumb\"},\"inLanguage\":\"es\",\"potentialAction\":[{\"@type\":\"ReadAction\",\"target\":[\"https:\\\/\\\/www.totiaranalquilerbaqueira.com\\\/blog\\\/la-urbanizacion-mas-exclusiva-la-pleta-de-baqueira\\\/\"]}]},{\"@type\":\"ImageObject\",\"inLanguage\":\"es\",\"@id\":\"https:\\\/\\\/www.totiaranalquilerbaqueira.com\\\/blog\\\/la-urbanizacion-mas-exclusiva-la-pleta-de-baqueira\\\/#primaryimage\",\"url\":\"https:\\\/\\\/www.totiaranalquilerbaqueira.com\\\/blog\\\/wp-content\\\/uploads\\\/2024\\\/07\\\/pleta-de-baqueira.jpg\",\"contentUrl\":\"https:\\\/\\\/www.totiaranalquilerbaqueira.com\\\/blog\\\/wp-content\\\/uploads\\\/2024\\\/07\\\/pleta-de-baqueira.jpg\",\"width\":1920,\"height\":650,\"caption\":\"Pleta de Baqueira\"},{\"@type\":\"BreadcrumbList\",\"@id\":\"https:\\\/\\\/www.totiaranalquilerbaqueira.com\\\/blog\\\/la-urbanizacion-mas-exclusiva-la-pleta-de-baqueira\\\/#breadcrumb\",\"itemListElement\":[{\"@type\":\"ListItem\",\"position\":1,\"name\":\"Portada\",\"item\":\"https:\\\/\\\/www.totiaranalquilerbaqueira.com\\\/blog\\\/\"},{\"@type\":\"ListItem\",\"position\":2,\"name\":\"La urbanizaci\u00f3n m\u00e1s exclusiva, la Pleta de Baqueira\"}]},{\"@type\":\"WebSite\",\"@id\":\"https:\\\/\\\/www.totiaranalquilerbaqueira.com\\\/blog\\\/#website\",\"url\":\"https:\\\/\\\/www.totiaranalquilerbaqueira.com\\\/blog\\\/\",\"name\":\"Blog\",\"description\":\"Totiaranalquilerbaqueira\",\"publisher\":{\"@id\":\"https:\\\/\\\/www.totiaranalquilerbaqueira.com\\\/blog\\\/#organization\"},\"potentialAction\":[{\"@type\":\"SearchAction\",\"target\":{\"@type\":\"EntryPoint\",\"urlTemplate\":\"https:\\\/\\\/www.totiaranalquilerbaqueira.com\\\/blog\\\/?s={search_term_string}\"},\"query-input\":{\"@type\":\"PropertyValueSpecification\",\"valueRequired\":true,\"valueName\":\"search_term_string\"}}],\"inLanguage\":\"es\"},{\"@type\":\"Organization\",\"@id\":\"https:\\\/\\\/www.totiaranalquilerbaqueira.com\\\/blog\\\/#organization\",\"name\":\"Blog\",\"url\":\"https:\\\/\\\/www.totiaranalquilerbaqueira.com\\\/blog\\\/\",\"logo\":{\"@type\":\"ImageObject\",\"inLanguage\":\"es\",\"@id\":\"https:\\\/\\\/www.totiaranalquilerbaqueira.com\\\/blog\\\/#\\\/schema\\\/logo\\\/image\\\/\",\"url\":\"https:\\\/\\\/www.totiaranalquilerbaqueira.com\\\/blog\\\/wp-content\\\/uploads\\\/2024\\\/08\\\/logo-totiaran-baqueira.png\",\"contentUrl\":\"https:\\\/\\\/www.totiaranalquilerbaqueira.com\\\/blog\\\/wp-content\\\/uploads\\\/2024\\\/08\\\/logo-totiaran-baqueira.png\",\"width\":400,\"height\":84,\"caption\":\"Blog\"},\"image\":{\"@id\":\"https:\\\/\\\/www.totiaranalquilerbaqueira.com\\\/blog\\\/#\\\/schema\\\/logo\\\/image\\\/\"}},{\"@type\":\"Person\",\"@id\":\"https:\\\/\\\/www.totiaranalquilerbaqueira.com\\\/blog\\\/#\\\/schema\\\/person\\\/5719c6a420b4471b1e367fc7c20852fc\",\"name\":\"digitalservices\",\"image\":{\"@type\":\"ImageObject\",\"inLanguage\":\"es\",\"@id\":\"https:\\\/\\\/secure.gravatar.com\\\/avatar\\\/af30f88a1904294c1f3eb09a9d7903eec4ffa18fa2cf40c28a8681014ecdfc20?s=96&d=mm&r=g\",\"url\":\"https:\\\/\\\/secure.gravatar.com\\\/avatar\\\/af30f88a1904294c1f3eb09a9d7903eec4ffa18fa2cf40c28a8681014ecdfc20?s=96&d=mm&r=g\",\"contentUrl\":\"https:\\\/\\\/secure.gravatar.com\\\/avatar\\\/af30f88a1904294c1f3eb09a9d7903eec4ffa18fa2cf40c28a8681014ecdfc20?s=96&d=mm&r=g\",\"caption\":\"digitalservices\"},\"url\":\"https:\\\/\\\/www.totiaranalquilerbaqueira.com\\\/blog\\\/author\\\/digitalservices\\\/\"}]}<\/script>\n<!-- \/ Yoast SEO plugin. -->","yoast_head_json":{"title":"Pleta de Baqueira: urbanizaci\u00f3n premium de Baqueira | Toriar\u00e1n","description":"Si vienes a Baqueira Beret a esqu\u00edar, este es el lugar. Recopilamos para ti los mejores alojamientos en la Pleta de Baqueira. \u00a1Desc\u00fabrelos!","robots":{"index":"index","follow":"follow","max-snippet":"max-snippet:-1","max-image-preview":"max-image-preview:large","max-video-preview":"max-video-preview:-1"},"canonical":"https:\/\/www.totiaranalquilerbaqueira.com\/blog\/la-urbanizacion-mas-exclusiva-la-pleta-de-baqueira\/","og_locale":"es_ES","og_type":"article","og_title":"Pleta de Baqueira: urbanizaci\u00f3n premium de Baqueira | Toriar\u00e1n","og_description":"Si vienes a Baqueira Beret a esqu\u00edar, este es el lugar. Recopilamos para ti los mejores alojamientos en la Pleta de Baqueira. \u00a1Desc\u00fabrelos!","og_url":"https:\/\/www.totiaranalquilerbaqueira.com\/blog\/la-urbanizacion-mas-exclusiva-la-pleta-de-baqueira\/","og_site_name":"Blog","article_published_time":"2024-07-25T09:29:59+00:00","article_modified_time":"2026-04-08T14:54:28+00:00","og_image":[{"width":1920,"height":650,"url":"https:\/\/www.totiaranalquilerbaqueira.com\/blog\/wp-content\/uploads\/2024\/07\/pleta-de-baqueira.jpg","type":"image\/jpeg"}],"author":"digitalservices","twitter_card":"summary_large_image","twitter_misc":{"Escrito por":"digitalservices","Tiempo de lectura":"6 minutos"},"schema":{"@context":"https:\/\/schema.org","@graph":[{"@type":"Article","@id":"https:\/\/www.totiaranalquilerbaqueira.com\/blog\/la-urbanizacion-mas-exclusiva-la-pleta-de-baqueira\/#article","isPartOf":{"@id":"https:\/\/www.totiaranalquilerbaqueira.com\/blog\/la-urbanizacion-mas-exclusiva-la-pleta-de-baqueira\/"},"author":{"name":"digitalservices","@id":"https:\/\/www.totiaranalquilerbaqueira.com\/blog\/#\/schema\/person\/5719c6a420b4471b1e367fc7c20852fc"},"headline":"La urbanizaci\u00f3n m\u00e1s exclusiva, la Pleta de Baqueira","datePublished":"2024-07-25T09:29:59+00:00","dateModified":"2026-04-08T14:54:28+00:00","mainEntityOfPage":{"@id":"https:\/\/www.totiaranalquilerbaqueira.com\/blog\/la-urbanizacion-mas-exclusiva-la-pleta-de-baqueira\/"},"wordCount":1056,"publisher":{"@id":"https:\/\/www.totiaranalquilerbaqueira.com\/blog\/#organization"},"image":{"@id":"https:\/\/www.totiaranalquilerbaqueira.com\/blog\/la-urbanizacion-mas-exclusiva-la-pleta-de-baqueira\/#primaryimage"},"thumbnailUrl":"https:\/\/www.totiaranalquilerbaqueira.com\/blog\/wp-content\/uploads\/2024\/07\/pleta-de-baqueira.jpg","articleSection":["Activit\u00e9s \u00e0 Baqueira","B\u00e9ret Baqueira","\u00c9t\u00e9 \u00e0 Baqueira","Exp\u00e9riences","H\u00e9bergements \u00e0 Baqueira","Hiver \u00e0 Baqueira","Ski Baqueira"],"inLanguage":"es"},{"@type":"WebPage","@id":"https:\/\/www.totiaranalquilerbaqueira.com\/blog\/la-urbanizacion-mas-exclusiva-la-pleta-de-baqueira\/","url":"https:\/\/www.totiaranalquilerbaqueira.com\/blog\/la-urbanizacion-mas-exclusiva-la-pleta-de-baqueira\/","name":"Pleta de Baqueira: urbanizaci\u00f3n premium de Baqueira | Toriar\u00e1n","isPartOf":{"@id":"https:\/\/www.totiaranalquilerbaqueira.com\/blog\/#website"},"primaryImageOfPage":{"@id":"https:\/\/www.totiaranalquilerbaqueira.com\/blog\/la-urbanizacion-mas-exclusiva-la-pleta-de-baqueira\/#primaryimage"},"image":{"@id":"https:\/\/www.totiaranalquilerbaqueira.com\/blog\/la-urbanizacion-mas-exclusiva-la-pleta-de-baqueira\/#primaryimage"},"thumbnailUrl":"https:\/\/www.totiaranalquilerbaqueira.com\/blog\/wp-content\/uploads\/2024\/07\/pleta-de-baqueira.jpg","datePublished":"2024-07-25T09:29:59+00:00","dateModified":"2026-04-08T14:54:28+00:00","description":"Si vienes a Baqueira Beret a esqu\u00edar, este es el lugar. Recopilamos para ti los mejores alojamientos en la Pleta de Baqueira. \u00a1Desc\u00fabrelos!","breadcrumb":{"@id":"https:\/\/www.totiaranalquilerbaqueira.com\/blog\/la-urbanizacion-mas-exclusiva-la-pleta-de-baqueira\/#breadcrumb"},"inLanguage":"es","potentialAction":[{"@type":"ReadAction","target":["https:\/\/www.totiaranalquilerbaqueira.com\/blog\/la-urbanizacion-mas-exclusiva-la-pleta-de-baqueira\/"]}]},{"@type":"ImageObject","inLanguage":"es","@id":"https:\/\/www.totiaranalquilerbaqueira.com\/blog\/la-urbanizacion-mas-exclusiva-la-pleta-de-baqueira\/#primaryimage","url":"https:\/\/www.totiaranalquilerbaqueira.com\/blog\/wp-content\/uploads\/2024\/07\/pleta-de-baqueira.jpg","contentUrl":"https:\/\/www.totiaranalquilerbaqueira.com\/blog\/wp-content\/uploads\/2024\/07\/pleta-de-baqueira.jpg","width":1920,"height":650,"caption":"Pleta de Baqueira"},{"@type":"BreadcrumbList","@id":"https:\/\/www.totiaranalquilerbaqueira.com\/blog\/la-urbanizacion-mas-exclusiva-la-pleta-de-baqueira\/#breadcrumb","itemListElement":[{"@type":"ListItem","position":1,"name":"Portada","item":"https:\/\/www.totiaranalquilerbaqueira.com\/blog\/"},{"@type":"ListItem","position":2,"name":"La urbanizaci\u00f3n m\u00e1s exclusiva, la Pleta de Baqueira"}]},{"@type":"WebSite","@id":"https:\/\/www.totiaranalquilerbaqueira.com\/blog\/#website","url":"https:\/\/www.totiaranalquilerbaqueira.com\/blog\/","name":"Blog","description":"Totiaranalquilerbaqueira","publisher":{"@id":"https:\/\/www.totiaranalquilerbaqueira.com\/blog\/#organization"},"potentialAction":[{"@type":"SearchAction","target":{"@type":"EntryPoint","urlTemplate":"https:\/\/www.totiaranalquilerbaqueira.com\/blog\/?s={search_term_string}"},"query-input":{"@type":"PropertyValueSpecification","valueRequired":true,"valueName":"search_term_string"}}],"inLanguage":"es"},{"@type":"Organization","@id":"https:\/\/www.totiaranalquilerbaqueira.com\/blog\/#organization","name":"Blog","url":"https:\/\/www.totiaranalquilerbaqueira.com\/blog\/","logo":{"@type":"ImageObject","inLanguage":"es","@id":"https:\/\/www.totiaranalquilerbaqueira.com\/blog\/#\/schema\/logo\/image\/","url":"https:\/\/www.totiaranalquilerbaqueira.com\/blog\/wp-content\/uploads\/2024\/08\/logo-totiaran-baqueira.png","contentUrl":"https:\/\/www.totiaranalquilerbaqueira.com\/blog\/wp-content\/uploads\/2024\/08\/logo-totiaran-baqueira.png","width":400,"height":84,"caption":"Blog"},"image":{"@id":"https:\/\/www.totiaranalquilerbaqueira.com\/blog\/#\/schema\/logo\/image\/"}},{"@type":"Person","@id":"https:\/\/www.totiaranalquilerbaqueira.com\/blog\/#\/schema\/person\/5719c6a420b4471b1e367fc7c20852fc","name":"digitalservices","image":{"@type":"ImageObject","inLanguage":"es","@id":"https:\/\/secure.gravatar.com\/avatar\/af30f88a1904294c1f3eb09a9d7903eec4ffa18fa2cf40c28a8681014ecdfc20?s=96&d=mm&r=g","url":"https:\/\/secure.gravatar.com\/avatar\/af30f88a1904294c1f3eb09a9d7903eec4ffa18fa2cf40c28a8681014ecdfc20?s=96&d=mm&r=g","contentUrl":"https:\/\/secure.gravatar.com\/avatar\/af30f88a1904294c1f3eb09a9d7903eec4ffa18fa2cf40c28a8681014ecdfc20?s=96&d=mm&r=g","caption":"digitalservices"},"url":"https:\/\/www.totiaranalquilerbaqueira.com\/blog\/author\/digitalservices\/"}]}},"_links":{"self":[{"href":"https:\/\/www.totiaranalquilerbaqueira.com\/blog\/wp-json\/wp\/v2\/posts\/176","targetHints":{"allow":["GET"]}}],"collection":[{"href":"https:\/\/www.totiaranalquilerbaqueira.com\/blog\/wp-json\/wp\/v2\/posts"}],"about":[{"href":"https:\/\/www.totiaranalquilerbaqueira.com\/blog\/wp-json\/wp\/v2\/types\/post"}],"author":[{"embeddable":true,"href":"https:\/\/www.totiaranalquilerbaqueira.com\/blog\/wp-json\/wp\/v2\/users\/2"}],"replies":[{"embeddable":true,"href":"https:\/\/www.totiaranalquilerbaqueira.com\/blog\/wp-json\/wp\/v2\/comments?post=176"}],"version-history":[{"count":16,"href":"https:\/\/www.totiaranalquilerbaqueira.com\/blog\/wp-json\/wp\/v2\/posts\/176\/revisions"}],"predecessor-version":[{"id":7315,"href":"https:\/\/www.totiaranalquilerbaqueira.com\/blog\/wp-json\/wp\/v2\/posts\/176\/revisions\/7315"}],"wp:featuredmedia":[{"embeddable":true,"href":"https:\/\/www.totiaranalquilerbaqueira.com\/blog\/wp-json\/wp\/v2\/media\/721"}],"wp:attachment":[{"href":"https:\/\/www.totiaranalquilerbaqueira.com\/blog\/wp-json\/wp\/v2\/media?parent=176"}],"wp:term":[{"taxonomy":"category","embeddable":true,"href":"https:\/\/www.totiaranalquilerbaqueira.com\/blog\/wp-json\/wp\/v2\/categories?post=176"},{"taxonomy":"post_tag","embeddable":true,"href":"https:\/\/www.totiaranalquilerbaqueira.com\/blog\/wp-json\/wp\/v2\/tags?post=176"}],"curies":[{"name":"wp","href":"https:\/\/api.w.org\/{rel}","templated":true}]}}