{"id":141,"date":"2024-07-25T09:29:07","date_gmt":"2024-07-25T09:29:07","guid":{"rendered":"https:\/\/www.totiaranalquilerbaqueira.com\/blog\/https-apartamentos-totiaranalquilerbaqueira-com-como-elegir-esquis\/"},"modified":"2024-09-03T07:28:11","modified_gmt":"2024-09-03T07:28:11","slug":"como-elegir-esquis","status":"publish","type":"post","link":"https:\/\/www.totiaranalquilerbaqueira.com\/blog\/como-elegir-esquis\/","title":{"rendered":"C\u00f3mo elegir los esqu\u00eds adecuados para mi"},"content":{"rendered":"\t\t<div data-elementor-type=\"wp-post\" data-elementor-id=\"141\" class=\"elementor elementor-141\" data-elementor-post-type=\"post\">\n\t\t\t\t\t\t<section class=\"elementor-section elementor-top-section elementor-element elementor-element-7d0eb27f elementor-section-boxed elementor-section-height-default elementor-section-height-default\" data-id=\"7d0eb27f\" data-element_type=\"section\" data-e-type=\"section\">\n\t\t\t\t\t\t<div class=\"elementor-container elementor-column-gap-default\">\n\t\t\t\t\t<div class=\"elementor-column elementor-col-100 elementor-top-column elementor-element elementor-element-5a120b83\" data-id=\"5a120b83\" data-element_type=\"column\" data-e-type=\"column\">\n\t\t\t<div class=\"elementor-widget-wrap elementor-element-populated\">\n\t\t\t\t\t\t<div class=\"elementor-element elementor-element-516bd41f elementor-widget elementor-widget-text-editor\" data-id=\"516bd41f\" data-element_type=\"widget\" data-e-type=\"widget\" data-widget_type=\"text-editor.default\">\n\t\t\t\t<div class=\"elementor-widget-container\">\n\t\t\t\t\t\t\t\t\t<p>Elegir los esqu\u00eds adecuados puede ser desalentador, pero estamos aqu\u00ed para ayudarte.\u00a0<\/p><p>La elecci\u00f3n comienza en el nivel m\u00e1s b\u00e1sico, sabiendo la longitud ideal para ti. Esto depende en gran medida de tu nivel de habilidad, pero tambi\u00e9n de tu estilo de conducci\u00f3n y del terreno que elijas. Por eso es bueno conocer <strong>c\u00f3mo elegir esqu\u00eds<\/strong>. D\u00e9janos guiarte a trav\u00e9s de este proceso.<\/p><h2>\u00a0<\/h2><h2 style=\"font-size: 24px;\"><span style=\"color: #000000;\"><strong>\u00bfQu\u00e9 longitud deben tener mis esqu\u00eds?<\/strong><\/span><\/h2><p>Tus esqu\u00eds deben ser de la talla adecuada para tu estatura, peso, estilo de esqu\u00ed y habilidad. No existe una f\u00f3rmula m\u00e1gica para determinarlo. En general, la longitud ideal es entre la barbilla y la parte superior de la cabeza. Por ejemplo, un esquiador de 1,90 m de altura deber\u00eda buscar unos esqu\u00eds de entre 170 cm y 190 cm.\u00a0<\/p><p>Factores como la estatura y el peso constituyen un excelente punto de partida, pero hay otros aspectos a tener en cuenta, como la categor\u00eda de esqu\u00ed, el tipo de nieve, el terreno y las preferencias personales. Los esquiadores principiantes, por ejemplo, elegir\u00e1n esqu\u00eds m\u00e1s cortos. Los esqu\u00eds m\u00e1s largos son m\u00e1s apropiados para los esquiadores avanzados.<\/p><h2>\u00a0<\/h2><h2 style=\"font-size: 24px;\"><span style=\"color: #000000;\"><strong>Consejos para elegir los tipos de esqu\u00eds adecuados<\/strong><\/span><\/h2><p>Dentro del rango de tallas de esqu\u00ed sugerido, hay varias razones para elegir un esqu\u00ed m\u00e1s corto o m\u00e1s largo.\u00a0<\/p><ul style=\"font-size: 16px;\"><li style=\"color: #000000;\" aria-level=\"1\"><span style=\"color: #000000;\">Un esqu\u00ed m\u00e1s corto ser\u00e1 m\u00e1s f\u00e1cil de girar, pero no tan estable como uno m\u00e1s largo.\u00a0<\/span><\/li><li style=\"color: #000000;\" aria-level=\"1\"><span style=\"color: #000000;\">Un esqu\u00ed de carving con una cintura m\u00e1s fina y un radio de giro menor puede esquiarse con una longitud m\u00e1s corta que un esqu\u00ed all-mountain o freeride con un radio de giro mayor y una cintura m\u00e1s ancha.\u00a0<\/span><\/li><li style=\"color: #000000;\" aria-level=\"1\"><span style=\"color: #000000;\">Los esqu\u00eds rocker son m\u00e1s f\u00e1ciles de pivotar entre giros y pueden esquiarse ligeramente m\u00e1s largos que los esqu\u00eds camber comparables.<\/span><\/li><\/ul><p><strong>Razones para medir los esqu\u00eds m\u00e1s cortos<\/strong>, m\u00e1s cerca de la barbilla:<\/p><ul style=\"font-size: 16px;\"><li style=\"color: #000000;\" aria-level=\"1\"><span style=\"color: #000000;\">Eres un esquiador principiante o intermedio.<\/span><\/li><li style=\"color: #000000;\" aria-level=\"1\"><span style=\"color: #000000;\">Pesa menos que la media para su estatura.<\/span><\/li><li style=\"color: #000000;\" aria-level=\"1\"><span style=\"color: #000000;\">Te gusta hacer giros cortos y r\u00e1pidos y rara vez esqu\u00edas r\u00e1pido.<\/span><\/li><li style=\"color: #000000;\" aria-level=\"1\"><span style=\"color: #000000;\">Quieres un esqu\u00ed de carving con s\u00f3lo camber, sin rocker.<\/span><\/li><\/ul><p><strong>Razones para tallar los esqu\u00eds m\u00e1s largos<\/strong>, m\u00e1s cerca de la parte superior de la cabeza:<\/p><ul style=\"font-size: 16px;\"><li style=\"color: #000000;\" aria-level=\"1\"><span style=\"color: #000000;\">Esqu\u00eda de forma r\u00e1pida y agresiva.<\/span><\/li><li style=\"color: #000000;\" aria-level=\"1\"><span style=\"color: #000000;\">Pesas m\u00e1s que la media para tu estatura.<\/span><\/li><li style=\"color: #000000;\" aria-level=\"1\"><span style=\"color: #000000;\">Pretendes esquiar principalmente fuera de pista.<\/span><\/li><li style=\"color: #000000;\" aria-level=\"1\"><span style=\"color: #000000;\">Piensas esquiar con un esqu\u00ed de doble punta.<\/span><\/li><li style=\"color: #000000;\" aria-level=\"1\"><span style=\"color: #000000;\">Quieres un esqu\u00ed con mucho rocker.<\/span><\/li><\/ul><h2>\u00a0<\/h2><h2 style=\"font-size: 24px;\"><span style=\"color: #000000;\"><strong>C\u00f3mo escoger unos esqu\u00eds seg\u00fan el nivel<\/strong><\/span><\/h2><p>El nivel de habilidad ha perdido importancia a la hora de elegir los esqu\u00eds, ya que la tecnolog\u00eda ha hecho posible que un principiante pueda esquiar con una variedad mucho mayor de esqu\u00eds. A\u00fan as\u00ed, existen caracter\u00edsticas que diferencian a los esqu\u00eds y los hacen m\u00e1s adecuados para esquiadores de diferentes niveles.<\/p><h3 style=\"font-size: 20px;\"><strong><span style=\"color: #000000;\">Esqu\u00eds para principiantes \/ intermedios<\/span><\/strong><\/h3><p>En este nivel se encuentran los esquiadores principiantes o aquellos que se esfuerzan por enlazar giros m\u00e1s suaves. Las cualidades t\u00edpicas de los esqu\u00eds para principiantes incluyen: flexi\u00f3n m\u00e1s suave, anchos m\u00e1s estrechos, compuestos, n\u00facleos de espuma o de madera m\u00e1s blanda y construcciones tapadas.\u00a0<\/p><p>La idea es crear un esqu\u00ed f\u00e1cil de girar y muy indulgente si se comete un error. La adici\u00f3n de rocker en la punta y la cola tiende a hacer que el esqu\u00ed sea menos \u00abganchudo\u00bb, adem\u00e1s de facilitar el inicio del giro.<\/p><h3 style=\"font-size: 20px;\"><strong><span style=\"color: #000000;\">Intermedio \/ Avanzado<\/span><\/strong><\/h3><p>La mayor\u00eda de los esquiadores y esqu\u00eds se encuentran en este nivel, tanto si le gusta carvear en pistas como aventurarse en la nieve polvo. Estos esqu\u00eds suelen ser algo m\u00e1s anchos que los esqu\u00eds de nivel principiante-intermedio, con un n\u00facleo de madera m\u00e1s resistente y una construcci\u00f3n de paredes laterales tipo s\u00e1ndwich.\u00a0<\/p><h3 style=\"font-size: 20px;\"><strong><span style=\"color: #000000;\">Esqu\u00eds Avanzados \/ Expertos<\/span><\/strong><\/h3><p>Independientemente del terreno elegido, los esqu\u00eds de nivel avanzado a experto son para los esquiadores m\u00e1s agresivos y expertos. A menudo encontrar\u00e1 capas de Titanal, carbono, lino u otros materiales destinados a ofrecer un mejor rendimiento a velocidad o en condiciones exigentes. Los esqu\u00eds de nivel avanzado-experto suelen ser m\u00e1s r\u00edgidos tanto longitudinal como torsionalmente que los de nivel intermedio y pueden suponer un reto a velocidades m\u00e1s lentas.\u00a0<\/p><h2 style=\"font-size: 20px;\"><span style=\"color: #000000;\"><strong>Estilo de esqu\u00ed, dimensiones y tacto<\/strong><\/span><\/h2><p>Hay muchos factores que contribuyen a la forma en que un esqu\u00ed se siente y se comporta, con un par de medidas comunes utilizadas para describirlos. Normalmente, las dimensiones de los esqu\u00eds se especifican con una medida de 3 n\u00fameros para la punta, la cintura y la cola, como 115\/90\/107 mm (anchura de la punta, anchura de la cintura y anchura de la cola).\u00a0<\/p><h3 style=\"font-size: 20px;\"><strong><span style=\"color: #000000;\">Ancho de cintura<\/span><\/strong><\/h3><p>La anchura de la cintura es una de las medidas m\u00e1s comunes, aparte de la longitud. Es la medida de la anchura de un esqu\u00ed en la parte media (cintura) del esqu\u00ed, el punto m\u00e1s estrecho. La anchura de la cintura influye en gran medida en la facilidad de giro del esqu\u00ed y en su comportamiento en nieve polvo y no pisada.\u00a0<\/p><p>Los anchos de cintura m\u00e1s estrechos son m\u00e1s r\u00e1pidos de canto a canto durante los giros, mientras que los anchos de cintura m\u00e1s anchos proporcionan una mejor flotaci\u00f3n en nieve polvo y agitada.<\/p><h3 style=\"font-size: 20px;\"><strong><span style=\"color: #000000;\">Radio de giro de los esqu\u00eds<\/span><\/strong><\/h3><p>El radio de giro es la forma de un esqu\u00ed determinada por la anchura de la punta, la cintura y la cola, normalmente expresada en metros. Cuanto m\u00e1s estrecha sea la cintura de un esqu\u00ed en relaci\u00f3n con la punta y la cola, m\u00e1s corto ser\u00e1 el radio de giro y, por tanto, m\u00e1s profunda ser\u00e1 la l\u00ednea de cotas.\u00a0<\/p><p>Un esqu\u00ed con una l\u00ednea de cotas profunda (radio de giro corto) realizar\u00e1 giros m\u00e1s r\u00e1pidos, mientras que un esqu\u00ed con una l\u00ednea de cotas sutil (radio de giro largo) girar\u00e1 m\u00e1s lentamente y suele ser m\u00e1s estable a altas velocidades.\u00a0<\/p><h3 style=\"font-size: 20px;\"><strong><span style=\"color: #000000;\">Esqu\u00ed Rocker &amp; Camber<\/span><\/strong><\/h3><p>Aunque el camber existe desde mucho antes que el rocker, lo clasificamos como un tipo de rocker para simplificar. El rocker tambi\u00e9n se conoce como camber inverso, as\u00ed que piensa en el camber como un rocker inverso.<\/p><h3 style=\"font-size: 20px;\"><strong><span style=\"color: #000000;\">Camber<\/span><\/strong><\/h3><p>Es el perfil tradicional de los esqu\u00eds y las tablas de snowboard. El camber es una ligera curva ascendente en el centro de un esqu\u00ed o una tabla, con los puntos de contacto cerca de los extremos.\u00a0<\/p><p>El camber requiere un inicio de giro m\u00e1s preciso y ofrece una gran precisi\u00f3n con mucha potencia en terreno preparado y nieve dura. El peso del esquiador ejerce una presi\u00f3n uniforme y concentrada sobre el canto desde la punta hasta la cola, lo que se traduce en un mayor agarre del canto y un mejor \u00abpop\u00bb.\u00a0<\/p><h2>\u00a0<\/h2><h2 style=\"font-size: 24px; font-weight: bold;\"><span style=\"color: #000000;\" data-sheets-value=\"{&quot;1&quot;:2,&quot;2&quot;:&quot;D\u00e9jate ayudar por nuestros especialistas&quot;}\" data-sheets-userformat=\"{&quot;2&quot;:12801,&quot;3&quot;:{&quot;1&quot;:0},&quot;12&quot;:0,&quot;15&quot;:&quot;Arial&quot;,&quot;16&quot;:11}\">D\u00e9jate ayudar por nuestros especialistas<\/span><\/h2><p><span style=\"color: #000000;\" data-sheets-value=\"{&quot;1&quot;:2,&quot;2&quot;:&quot;D\u00e9jate ayudar por nuestros especialistas&quot;}\" data-sheets-userformat=\"{&quot;2&quot;:12801,&quot;3&quot;:{&quot;1&quot;:0},&quot;12&quot;:0,&quot;15&quot;:&quot;Arial&quot;,&quot;16&quot;:11}\">Para escoger el mejor esqu\u00ed para tu experiencia, te esperamos en <a style=\"font-weight: bold;\" href=\"\/es\/servicios\/alquiler-ski-reparaciones\" rel=\"noopener\">TOTIRENT<\/a>, d\u00f3nde especialistas con a\u00f1os de experiencia te recomendar\u00e1n y ayudar\u00e1n con la decisi\u00f3n. <\/span><\/p><p>\u00a0<\/p>\t\t\t\t\t\t\t\t<\/div>\n\t\t\t\t<\/div>\n\t\t\t\t\t<\/div>\n\t\t<\/div>\n\t\t\t\t\t<\/div>\n\t\t<\/section>\n\t\t\t\t<section class=\"elementor-section elementor-top-section elementor-element elementor-element-6146d417 elementor-section-boxed elementor-section-height-default elementor-section-height-default\" data-id=\"6146d417\" data-element_type=\"section\" data-e-type=\"section\">\n\t\t\t\t\t\t<div class=\"elementor-container elementor-column-gap-default\">\n\t\t\t\t\t<div class=\"elementor-column elementor-col-33 elementor-top-column elementor-element elementor-element-529de0\" data-id=\"529de0\" data-element_type=\"column\" data-e-type=\"column\">\n\t\t\t<div class=\"elementor-widget-wrap elementor-element-populated\">\n\t\t\t\t\t\t<div class=\"elementor-element elementor-element-37c1c14a elementor-align-center elementor-widget elementor-widget-button\" data-id=\"37c1c14a\" data-element_type=\"widget\" data-e-type=\"widget\" data-widget_type=\"button.default\">\n\t\t\t\t<div class=\"elementor-widget-container\">\n\t\t\t\t\t\t\t\t\t<div class=\"elementor-button-wrapper\">\n\t\t\t\t\t<a class=\"elementor-button elementor-button-link elementor-size-sm\" href=\"https:\/\/www.totiaranalquilerbaqueira.com\/alquiler\/alquileres-baqueira-d1396\/\">\n\t\t\t\t\t\t<span class=\"elementor-button-content-wrapper\">\n\t\t\t\t\t\t\t\t\t<span class=\"elementor-button-text\">Alojamientos en Baqueira<\/span>\n\t\t\t\t\t<\/span>\n\t\t\t\t\t<\/a>\n\t\t\t\t<\/div>\n\t\t\t\t\t\t\t\t<\/div>\n\t\t\t\t<\/div>\n\t\t\t\t\t<\/div>\n\t\t<\/div>\n\t\t\t\t<div class=\"elementor-column elementor-col-33 elementor-top-column elementor-element elementor-element-534ff737\" data-id=\"534ff737\" data-element_type=\"column\" data-e-type=\"column\">\n\t\t\t<div class=\"elementor-widget-wrap elementor-element-populated\">\n\t\t\t\t\t\t<div class=\"elementor-element elementor-element-32cb640c elementor-align-center elementor-widget elementor-widget-button\" data-id=\"32cb640c\" data-element_type=\"widget\" data-e-type=\"widget\" data-widget_type=\"button.default\">\n\t\t\t\t<div class=\"elementor-widget-container\">\n\t\t\t\t\t\t\t\t\t<div class=\"elementor-button-wrapper\">\n\t\t\t\t\t<a class=\"elementor-button elementor-button-link elementor-size-sm\" href=\"https:\/\/www.totiaranalquilerbaqueira.com\/alquiler\/alquileres-baqueira-1500-val-de-ruda-baqueira-n1906304\/\">\n\t\t\t\t\t\t<span class=\"elementor-button-content-wrapper\">\n\t\t\t\t\t\t\t\t\t<span class=\"elementor-button-text\">Alojamientos en Val de Ruda<\/span>\n\t\t\t\t\t<\/span>\n\t\t\t\t\t<\/a>\n\t\t\t\t<\/div>\n\t\t\t\t\t\t\t\t<\/div>\n\t\t\t\t<\/div>\n\t\t\t\t\t<\/div>\n\t\t<\/div>\n\t\t\t\t<div class=\"elementor-column elementor-col-33 elementor-top-column elementor-element elementor-element-5b1abdad\" data-id=\"5b1abdad\" data-element_type=\"column\" data-e-type=\"column\">\n\t\t\t<div class=\"elementor-widget-wrap elementor-element-populated\">\n\t\t\t\t\t\t<div class=\"elementor-element elementor-element-45ee12cb elementor-align-center elementor-widget elementor-widget-button\" data-id=\"45ee12cb\" data-element_type=\"widget\" data-e-type=\"widget\" data-widget_type=\"button.default\">\n\t\t\t\t<div class=\"elementor-widget-container\">\n\t\t\t\t\t\t\t\t\t<div class=\"elementor-button-wrapper\">\n\t\t\t\t\t<a class=\"elementor-button elementor-button-link elementor-size-sm\" href=\"https:\/\/www.totiaranalquilerbaqueira.com\/alquiler\/alquiler-alquileres-u0\/\">\n\t\t\t\t\t\t<span class=\"elementor-button-content-wrapper\">\n\t\t\t\t\t\t\t\t\t<span class=\"elementor-button-text\">Alojamientos en Valle de Ar\u00e1n<\/span>\n\t\t\t\t\t<\/span>\n\t\t\t\t\t<\/a>\n\t\t\t\t<\/div>\n\t\t\t\t\t\t\t\t<\/div>\n\t\t\t\t<\/div>\n\t\t\t\t\t<\/div>\n\t\t<\/div>\n\t\t\t\t\t<\/div>\n\t\t<\/section>\n\t\t\t\t<\/div>\n\t\t","protected":false},"excerpt":{"rendered":"<p>Elegir los esqu\u00eds adecuados puede ser desalentador, pero estamos aqu\u00ed para ayudarte.\u00a0 La elecci\u00f3n comienza en el nivel m\u00e1s b\u00e1sico, sabiendo la longitud ideal para ti. Esto depende en gran medida de tu nivel de habilidad, pero tambi\u00e9n de tu estilo de conducci\u00f3n y del terreno que elijas. Por eso es bueno conocer c\u00f3mo elegir [&hellip;]<\/p>\n","protected":false},"author":2,"featured_media":561,"comment_status":"closed","ping_status":"closed","sticky":false,"template":"","format":"standard","meta":{"footnotes":""},"categories":[12,45,26,37,31,14,19,102,18,22],"tags":[],"class_list":["post-141","post","type-post","status-publish","format-standard","has-post-thumbnail","hentry","category-actividades-en-baqueira","category-actividades-en-el-valle-de-aran","category-alojamientos-baqueira","category-alojamientos-valle-de-aran","category-alquiler-ski-baqueira","category-baqueira-beret","category-experiencias","category-invierno-baqueira","category-invierno-valle-aran","category-esqui-baqueira"],"yoast_head":"<!-- This site is optimized with the Yoast SEO plugin v27.4 - https:\/\/yoast.com\/product\/yoast-seo-wordpress\/ -->\n<title>C\u00f3mo elegir los esqu\u00eds adecuados para mi<\/title>\n<meta name=\"description\" content=\"\u00bfNo sabes qu\u00e9 tipos de esqu\u00eds alquilar o comprar? Te ayudamos a escoger los esqu\u00eds adecuados para ti. Nuestros especialistas te ayudan.\" \/>\n<meta name=\"robots\" content=\"index, follow, max-snippet:-1, max-image-preview:large, max-video-preview:-1\" \/>\n<link rel=\"canonical\" href=\"https:\/\/www.totiaranalquilerbaqueira.com\/blog\/como-elegir-esquis\/\" \/>\n<meta property=\"og:locale\" content=\"es_ES\" \/>\n<meta property=\"og:type\" content=\"article\" \/>\n<meta property=\"og:title\" content=\"C\u00f3mo elegir los esqu\u00eds adecuados para mi\" \/>\n<meta property=\"og:description\" content=\"\u00bfNo sabes qu\u00e9 tipos de esqu\u00eds alquilar o comprar? Te ayudamos a escoger los esqu\u00eds adecuados para ti. Nuestros especialistas te ayudan.\" \/>\n<meta property=\"og:url\" content=\"https:\/\/www.totiaranalquilerbaqueira.com\/blog\/como-elegir-esquis\/\" \/>\n<meta property=\"og:site_name\" content=\"Blog\" \/>\n<meta property=\"article:published_time\" content=\"2024-07-25T09:29:07+00:00\" \/>\n<meta property=\"article:modified_time\" content=\"2024-09-03T07:28:11+00:00\" \/>\n<meta property=\"og:image\" content=\"https:\/\/www.totiaranalquilerbaqueira.com\/blog\/wp-content\/uploads\/2024\/07\/elegir-esquis-adecuados.jpg\" \/>\n\t<meta property=\"og:image:width\" content=\"1920\" \/>\n\t<meta property=\"og:image:height\" content=\"650\" \/>\n\t<meta property=\"og:image:type\" content=\"image\/jpeg\" \/>\n<meta name=\"author\" content=\"digitalservices\" \/>\n<meta name=\"twitter:card\" content=\"summary_large_image\" \/>\n<meta name=\"twitter:label1\" content=\"Escrito por\" \/>\n\t<meta name=\"twitter:data1\" content=\"digitalservices\" \/>\n\t<meta name=\"twitter:label2\" content=\"Tiempo de lectura\" \/>\n\t<meta name=\"twitter:data2\" content=\"6 minutos\" \/>\n<script type=\"application\/ld+json\" class=\"yoast-schema-graph\">{\"@context\":\"https:\\\/\\\/schema.org\",\"@graph\":[{\"@type\":\"Article\",\"@id\":\"https:\\\/\\\/www.totiaranalquilerbaqueira.com\\\/blog\\\/como-elegir-esquis\\\/#article\",\"isPartOf\":{\"@id\":\"https:\\\/\\\/www.totiaranalquilerbaqueira.com\\\/blog\\\/como-elegir-esquis\\\/\"},\"author\":{\"name\":\"digitalservices\",\"@id\":\"https:\\\/\\\/www.totiaranalquilerbaqueira.com\\\/blog\\\/#\\\/schema\\\/person\\\/5719c6a420b4471b1e367fc7c20852fc\"},\"headline\":\"C\u00f3mo elegir los esqu\u00eds adecuados para mi\",\"datePublished\":\"2024-07-25T09:29:07+00:00\",\"dateModified\":\"2024-09-03T07:28:11+00:00\",\"mainEntityOfPage\":{\"@id\":\"https:\\\/\\\/www.totiaranalquilerbaqueira.com\\\/blog\\\/como-elegir-esquis\\\/\"},\"wordCount\":1245,\"publisher\":{\"@id\":\"https:\\\/\\\/www.totiaranalquilerbaqueira.com\\\/blog\\\/#organization\"},\"image\":{\"@id\":\"https:\\\/\\\/www.totiaranalquilerbaqueira.com\\\/blog\\\/como-elegir-esquis\\\/#primaryimage\"},\"thumbnailUrl\":\"https:\\\/\\\/www.totiaranalquilerbaqueira.com\\\/blog\\\/wp-content\\\/uploads\\\/2024\\\/07\\\/elegir-esquis-adecuados.jpg\",\"articleSection\":[\"Actividades en Baqueira\",\"Actividades en Valle de Ar\u00e1n\",\"Alojamientos en Baqueira\",\"Alojamientos Valle de Ar\u00e1n\",\"Alquiler de Ski\",\"Baqueira Beret\",\"Experiencias\",\"Invierno en Baqueira\",\"Invierno en Valle de Aran\",\"Ski Baqueira\"],\"inLanguage\":\"es\"},{\"@type\":\"WebPage\",\"@id\":\"https:\\\/\\\/www.totiaranalquilerbaqueira.com\\\/blog\\\/como-elegir-esquis\\\/\",\"url\":\"https:\\\/\\\/www.totiaranalquilerbaqueira.com\\\/blog\\\/como-elegir-esquis\\\/\",\"name\":\"C\u00f3mo elegir los esqu\u00eds adecuados para mi\",\"isPartOf\":{\"@id\":\"https:\\\/\\\/www.totiaranalquilerbaqueira.com\\\/blog\\\/#website\"},\"primaryImageOfPage\":{\"@id\":\"https:\\\/\\\/www.totiaranalquilerbaqueira.com\\\/blog\\\/como-elegir-esquis\\\/#primaryimage\"},\"image\":{\"@id\":\"https:\\\/\\\/www.totiaranalquilerbaqueira.com\\\/blog\\\/como-elegir-esquis\\\/#primaryimage\"},\"thumbnailUrl\":\"https:\\\/\\\/www.totiaranalquilerbaqueira.com\\\/blog\\\/wp-content\\\/uploads\\\/2024\\\/07\\\/elegir-esquis-adecuados.jpg\",\"datePublished\":\"2024-07-25T09:29:07+00:00\",\"dateModified\":\"2024-09-03T07:28:11+00:00\",\"description\":\"\u00bfNo sabes qu\u00e9 tipos de esqu\u00eds alquilar o comprar? Te ayudamos a escoger los esqu\u00eds adecuados para ti. Nuestros especialistas te ayudan.\",\"breadcrumb\":{\"@id\":\"https:\\\/\\\/www.totiaranalquilerbaqueira.com\\\/blog\\\/como-elegir-esquis\\\/#breadcrumb\"},\"inLanguage\":\"es\",\"potentialAction\":[{\"@type\":\"ReadAction\",\"target\":[\"https:\\\/\\\/www.totiaranalquilerbaqueira.com\\\/blog\\\/como-elegir-esquis\\\/\"]}]},{\"@type\":\"ImageObject\",\"inLanguage\":\"es\",\"@id\":\"https:\\\/\\\/www.totiaranalquilerbaqueira.com\\\/blog\\\/como-elegir-esquis\\\/#primaryimage\",\"url\":\"https:\\\/\\\/www.totiaranalquilerbaqueira.com\\\/blog\\\/wp-content\\\/uploads\\\/2024\\\/07\\\/elegir-esquis-adecuados.jpg\",\"contentUrl\":\"https:\\\/\\\/www.totiaranalquilerbaqueira.com\\\/blog\\\/wp-content\\\/uploads\\\/2024\\\/07\\\/elegir-esquis-adecuados.jpg\",\"width\":1920,\"height\":650,\"caption\":\"como elegir los esquis adecuados\"},{\"@type\":\"BreadcrumbList\",\"@id\":\"https:\\\/\\\/www.totiaranalquilerbaqueira.com\\\/blog\\\/como-elegir-esquis\\\/#breadcrumb\",\"itemListElement\":[{\"@type\":\"ListItem\",\"position\":1,\"name\":\"Portada\",\"item\":\"https:\\\/\\\/www.totiaranalquilerbaqueira.com\\\/blog\\\/\"},{\"@type\":\"ListItem\",\"position\":2,\"name\":\"C\u00f3mo elegir los esqu\u00eds adecuados para mi\"}]},{\"@type\":\"WebSite\",\"@id\":\"https:\\\/\\\/www.totiaranalquilerbaqueira.com\\\/blog\\\/#website\",\"url\":\"https:\\\/\\\/www.totiaranalquilerbaqueira.com\\\/blog\\\/\",\"name\":\"Blog\",\"description\":\"Totiaranalquilerbaqueira\",\"publisher\":{\"@id\":\"https:\\\/\\\/www.totiaranalquilerbaqueira.com\\\/blog\\\/#organization\"},\"potentialAction\":[{\"@type\":\"SearchAction\",\"target\":{\"@type\":\"EntryPoint\",\"urlTemplate\":\"https:\\\/\\\/www.totiaranalquilerbaqueira.com\\\/blog\\\/?s={search_term_string}\"},\"query-input\":{\"@type\":\"PropertyValueSpecification\",\"valueRequired\":true,\"valueName\":\"search_term_string\"}}],\"inLanguage\":\"es\"},{\"@type\":\"Organization\",\"@id\":\"https:\\\/\\\/www.totiaranalquilerbaqueira.com\\\/blog\\\/#organization\",\"name\":\"Blog\",\"url\":\"https:\\\/\\\/www.totiaranalquilerbaqueira.com\\\/blog\\\/\",\"logo\":{\"@type\":\"ImageObject\",\"inLanguage\":\"es\",\"@id\":\"https:\\\/\\\/www.totiaranalquilerbaqueira.com\\\/blog\\\/#\\\/schema\\\/logo\\\/image\\\/\",\"url\":\"https:\\\/\\\/www.totiaranalquilerbaqueira.com\\\/blog\\\/wp-content\\\/uploads\\\/2024\\\/08\\\/logo-totiaran-baqueira.png\",\"contentUrl\":\"https:\\\/\\\/www.totiaranalquilerbaqueira.com\\\/blog\\\/wp-content\\\/uploads\\\/2024\\\/08\\\/logo-totiaran-baqueira.png\",\"width\":400,\"height\":84,\"caption\":\"Blog\"},\"image\":{\"@id\":\"https:\\\/\\\/www.totiaranalquilerbaqueira.com\\\/blog\\\/#\\\/schema\\\/logo\\\/image\\\/\"}},{\"@type\":\"Person\",\"@id\":\"https:\\\/\\\/www.totiaranalquilerbaqueira.com\\\/blog\\\/#\\\/schema\\\/person\\\/5719c6a420b4471b1e367fc7c20852fc\",\"name\":\"digitalservices\",\"image\":{\"@type\":\"ImageObject\",\"inLanguage\":\"es\",\"@id\":\"https:\\\/\\\/secure.gravatar.com\\\/avatar\\\/af30f88a1904294c1f3eb09a9d7903eec4ffa18fa2cf40c28a8681014ecdfc20?s=96&d=mm&r=g\",\"url\":\"https:\\\/\\\/secure.gravatar.com\\\/avatar\\\/af30f88a1904294c1f3eb09a9d7903eec4ffa18fa2cf40c28a8681014ecdfc20?s=96&d=mm&r=g\",\"contentUrl\":\"https:\\\/\\\/secure.gravatar.com\\\/avatar\\\/af30f88a1904294c1f3eb09a9d7903eec4ffa18fa2cf40c28a8681014ecdfc20?s=96&d=mm&r=g\",\"caption\":\"digitalservices\"},\"url\":\"https:\\\/\\\/www.totiaranalquilerbaqueira.com\\\/blog\\\/author\\\/digitalservices\\\/\"}]}<\/script>\n<!-- \/ Yoast SEO plugin. -->","yoast_head_json":{"title":"C\u00f3mo elegir los esqu\u00eds adecuados para mi","description":"\u00bfNo sabes qu\u00e9 tipos de esqu\u00eds alquilar o comprar? Te ayudamos a escoger los esqu\u00eds adecuados para ti. Nuestros especialistas te ayudan.","robots":{"index":"index","follow":"follow","max-snippet":"max-snippet:-1","max-image-preview":"max-image-preview:large","max-video-preview":"max-video-preview:-1"},"canonical":"https:\/\/www.totiaranalquilerbaqueira.com\/blog\/como-elegir-esquis\/","og_locale":"es_ES","og_type":"article","og_title":"C\u00f3mo elegir los esqu\u00eds adecuados para mi","og_description":"\u00bfNo sabes qu\u00e9 tipos de esqu\u00eds alquilar o comprar? Te ayudamos a escoger los esqu\u00eds adecuados para ti. Nuestros especialistas te ayudan.","og_url":"https:\/\/www.totiaranalquilerbaqueira.com\/blog\/como-elegir-esquis\/","og_site_name":"Blog","article_published_time":"2024-07-25T09:29:07+00:00","article_modified_time":"2024-09-03T07:28:11+00:00","og_image":[{"width":1920,"height":650,"url":"https:\/\/www.totiaranalquilerbaqueira.com\/blog\/wp-content\/uploads\/2024\/07\/elegir-esquis-adecuados.jpg","type":"image\/jpeg"}],"author":"digitalservices","twitter_card":"summary_large_image","twitter_misc":{"Escrito por":"digitalservices","Tiempo de lectura":"6 minutos"},"schema":{"@context":"https:\/\/schema.org","@graph":[{"@type":"Article","@id":"https:\/\/www.totiaranalquilerbaqueira.com\/blog\/como-elegir-esquis\/#article","isPartOf":{"@id":"https:\/\/www.totiaranalquilerbaqueira.com\/blog\/como-elegir-esquis\/"},"author":{"name":"digitalservices","@id":"https:\/\/www.totiaranalquilerbaqueira.com\/blog\/#\/schema\/person\/5719c6a420b4471b1e367fc7c20852fc"},"headline":"C\u00f3mo elegir los esqu\u00eds adecuados para mi","datePublished":"2024-07-25T09:29:07+00:00","dateModified":"2024-09-03T07:28:11+00:00","mainEntityOfPage":{"@id":"https:\/\/www.totiaranalquilerbaqueira.com\/blog\/como-elegir-esquis\/"},"wordCount":1245,"publisher":{"@id":"https:\/\/www.totiaranalquilerbaqueira.com\/blog\/#organization"},"image":{"@id":"https:\/\/www.totiaranalquilerbaqueira.com\/blog\/como-elegir-esquis\/#primaryimage"},"thumbnailUrl":"https:\/\/www.totiaranalquilerbaqueira.com\/blog\/wp-content\/uploads\/2024\/07\/elegir-esquis-adecuados.jpg","articleSection":["Actividades en Baqueira","Actividades en Valle de Ar\u00e1n","Alojamientos en Baqueira","Alojamientos Valle de Ar\u00e1n","Alquiler de Ski","Baqueira Beret","Experiencias","Invierno en Baqueira","Invierno en Valle de Aran","Ski Baqueira"],"inLanguage":"es"},{"@type":"WebPage","@id":"https:\/\/www.totiaranalquilerbaqueira.com\/blog\/como-elegir-esquis\/","url":"https:\/\/www.totiaranalquilerbaqueira.com\/blog\/como-elegir-esquis\/","name":"C\u00f3mo elegir los esqu\u00eds adecuados para mi","isPartOf":{"@id":"https:\/\/www.totiaranalquilerbaqueira.com\/blog\/#website"},"primaryImageOfPage":{"@id":"https:\/\/www.totiaranalquilerbaqueira.com\/blog\/como-elegir-esquis\/#primaryimage"},"image":{"@id":"https:\/\/www.totiaranalquilerbaqueira.com\/blog\/como-elegir-esquis\/#primaryimage"},"thumbnailUrl":"https:\/\/www.totiaranalquilerbaqueira.com\/blog\/wp-content\/uploads\/2024\/07\/elegir-esquis-adecuados.jpg","datePublished":"2024-07-25T09:29:07+00:00","dateModified":"2024-09-03T07:28:11+00:00","description":"\u00bfNo sabes qu\u00e9 tipos de esqu\u00eds alquilar o comprar? Te ayudamos a escoger los esqu\u00eds adecuados para ti. Nuestros especialistas te ayudan.","breadcrumb":{"@id":"https:\/\/www.totiaranalquilerbaqueira.com\/blog\/como-elegir-esquis\/#breadcrumb"},"inLanguage":"es","potentialAction":[{"@type":"ReadAction","target":["https:\/\/www.totiaranalquilerbaqueira.com\/blog\/como-elegir-esquis\/"]}]},{"@type":"ImageObject","inLanguage":"es","@id":"https:\/\/www.totiaranalquilerbaqueira.com\/blog\/como-elegir-esquis\/#primaryimage","url":"https:\/\/www.totiaranalquilerbaqueira.com\/blog\/wp-content\/uploads\/2024\/07\/elegir-esquis-adecuados.jpg","contentUrl":"https:\/\/www.totiaranalquilerbaqueira.com\/blog\/wp-content\/uploads\/2024\/07\/elegir-esquis-adecuados.jpg","width":1920,"height":650,"caption":"como elegir los esquis adecuados"},{"@type":"BreadcrumbList","@id":"https:\/\/www.totiaranalquilerbaqueira.com\/blog\/como-elegir-esquis\/#breadcrumb","itemListElement":[{"@type":"ListItem","position":1,"name":"Portada","item":"https:\/\/www.totiaranalquilerbaqueira.com\/blog\/"},{"@type":"ListItem","position":2,"name":"C\u00f3mo elegir los esqu\u00eds adecuados para mi"}]},{"@type":"WebSite","@id":"https:\/\/www.totiaranalquilerbaqueira.com\/blog\/#website","url":"https:\/\/www.totiaranalquilerbaqueira.com\/blog\/","name":"Blog","description":"Totiaranalquilerbaqueira","publisher":{"@id":"https:\/\/www.totiaranalquilerbaqueira.com\/blog\/#organization"},"potentialAction":[{"@type":"SearchAction","target":{"@type":"EntryPoint","urlTemplate":"https:\/\/www.totiaranalquilerbaqueira.com\/blog\/?s={search_term_string}"},"query-input":{"@type":"PropertyValueSpecification","valueRequired":true,"valueName":"search_term_string"}}],"inLanguage":"es"},{"@type":"Organization","@id":"https:\/\/www.totiaranalquilerbaqueira.com\/blog\/#organization","name":"Blog","url":"https:\/\/www.totiaranalquilerbaqueira.com\/blog\/","logo":{"@type":"ImageObject","inLanguage":"es","@id":"https:\/\/www.totiaranalquilerbaqueira.com\/blog\/#\/schema\/logo\/image\/","url":"https:\/\/www.totiaranalquilerbaqueira.com\/blog\/wp-content\/uploads\/2024\/08\/logo-totiaran-baqueira.png","contentUrl":"https:\/\/www.totiaranalquilerbaqueira.com\/blog\/wp-content\/uploads\/2024\/08\/logo-totiaran-baqueira.png","width":400,"height":84,"caption":"Blog"},"image":{"@id":"https:\/\/www.totiaranalquilerbaqueira.com\/blog\/#\/schema\/logo\/image\/"}},{"@type":"Person","@id":"https:\/\/www.totiaranalquilerbaqueira.com\/blog\/#\/schema\/person\/5719c6a420b4471b1e367fc7c20852fc","name":"digitalservices","image":{"@type":"ImageObject","inLanguage":"es","@id":"https:\/\/secure.gravatar.com\/avatar\/af30f88a1904294c1f3eb09a9d7903eec4ffa18fa2cf40c28a8681014ecdfc20?s=96&d=mm&r=g","url":"https:\/\/secure.gravatar.com\/avatar\/af30f88a1904294c1f3eb09a9d7903eec4ffa18fa2cf40c28a8681014ecdfc20?s=96&d=mm&r=g","contentUrl":"https:\/\/secure.gravatar.com\/avatar\/af30f88a1904294c1f3eb09a9d7903eec4ffa18fa2cf40c28a8681014ecdfc20?s=96&d=mm&r=g","caption":"digitalservices"},"url":"https:\/\/www.totiaranalquilerbaqueira.com\/blog\/author\/digitalservices\/"}]}},"_links":{"self":[{"href":"https:\/\/www.totiaranalquilerbaqueira.com\/blog\/wp-json\/wp\/v2\/posts\/141","targetHints":{"allow":["GET"]}}],"collection":[{"href":"https:\/\/www.totiaranalquilerbaqueira.com\/blog\/wp-json\/wp\/v2\/posts"}],"about":[{"href":"https:\/\/www.totiaranalquilerbaqueira.com\/blog\/wp-json\/wp\/v2\/types\/post"}],"author":[{"embeddable":true,"href":"https:\/\/www.totiaranalquilerbaqueira.com\/blog\/wp-json\/wp\/v2\/users\/2"}],"replies":[{"embeddable":true,"href":"https:\/\/www.totiaranalquilerbaqueira.com\/blog\/wp-json\/wp\/v2\/comments?post=141"}],"version-history":[{"count":4,"href":"https:\/\/www.totiaranalquilerbaqueira.com\/blog\/wp-json\/wp\/v2\/posts\/141\/revisions"}],"predecessor-version":[{"id":569,"href":"https:\/\/www.totiaranalquilerbaqueira.com\/blog\/wp-json\/wp\/v2\/posts\/141\/revisions\/569"}],"wp:featuredmedia":[{"embeddable":true,"href":"https:\/\/www.totiaranalquilerbaqueira.com\/blog\/wp-json\/wp\/v2\/media\/561"}],"wp:attachment":[{"href":"https:\/\/www.totiaranalquilerbaqueira.com\/blog\/wp-json\/wp\/v2\/media?parent=141"}],"wp:term":[{"taxonomy":"category","embeddable":true,"href":"https:\/\/www.totiaranalquilerbaqueira.com\/blog\/wp-json\/wp\/v2\/categories?post=141"},{"taxonomy":"post_tag","embeddable":true,"href":"https:\/\/www.totiaranalquilerbaqueira.com\/blog\/wp-json\/wp\/v2\/tags?post=141"}],"curies":[{"name":"wp","href":"https:\/\/api.w.org\/{rel}","templated":true}]}}