{"id":7397,"date":"2024-07-25T09:27:21","date_gmt":"2024-07-25T09:27:21","guid":{"rendered":"https:\/\/www.totiaranalquilerbaqueira.com\/blog\/guide-touristique-du-val-daran\/"},"modified":"2026-04-24T06:25:41","modified_gmt":"2026-04-24T06:25:41","slug":"guide-touristique-du-val-daran","status":"publish","type":"post","link":"https:\/\/www.totiaranalquilerbaqueira.com\/blog\/fr\/guide-touristique-du-val-daran\/","title":{"rendered":"Guide touristique du Val d&rsquo;Aran : Profitez de l&rsquo;\u00e9t\u00e9 \u00e0 la montagne"},"content":{"rendered":"\t\t<div data-elementor-type=\"wp-post\" data-elementor-id=\"7397\" class=\"elementor elementor-7397 elementor-70\" data-elementor-post-type=\"post\">\n\t\t\t\t\t\t<section class=\"elementor-section elementor-top-section elementor-element elementor-element-22a53afb elementor-section-boxed elementor-section-height-default elementor-section-height-default\" data-id=\"22a53afb\" data-element_type=\"section\" data-e-type=\"section\">\n\t\t\t\t\t\t<div class=\"elementor-container elementor-column-gap-default\">\n\t\t\t\t\t<div class=\"elementor-column elementor-col-100 elementor-top-column elementor-element elementor-element-39ed75f\" data-id=\"39ed75f\" data-element_type=\"column\" data-e-type=\"column\">\n\t\t\t<div class=\"elementor-widget-wrap elementor-element-populated\">\n\t\t\t\t\t\t<div class=\"elementor-element elementor-element-48bb340e elementor-widget elementor-widget-text-editor\" data-id=\"48bb340e\" data-element_type=\"widget\" data-e-type=\"widget\" data-widget_type=\"text-editor.default\">\n\t\t\t\t<div class=\"elementor-widget-container\">\n\t\t\t\t\t\t\t\t\t<p style=\"margin-top: 10pt; margin-right: 0cm; margin-bottom: 10pt; padding-left: 0cm;\">Il y a des endroits que l&rsquo;on visite, et d&rsquo;autres que l&rsquo;on ressent. Le <b data-path-to-node=\"3\" data-index-in-node=\"70\">Val d&rsquo;Aran<\/b> appartient \u00e0 cette seconde cat\u00e9gorie. Ce n&rsquo;est pas seulement un point sur la carte des Pyr\u00e9n\u00e9es ; c&rsquo;est un sanctuaire o\u00f9 le temps semble s&rsquo;\u00eatre arr\u00eat\u00e9 entre des sommets de 3 000 m\u00e8tres, des villages de pierre et le murmure constant de la Garonne.<\/p><p style=\"margin-top: 10pt; margin-right: 0cm; margin-bottom: 10pt; padding-left: 0cm;\">Si vous recherchez une d\u00e9connexion r\u00e9elle et profonde cet <b data-path-to-node=\"3\" data-index-in-node=\"386\">\u00e9t\u00e9<\/b>, ce <b data-path-to-node=\"3\" data-index-in-node=\"394\">guide touristique du Val d&rsquo;Aran<\/b> est votre point de d\u00e9part pour explorer le secret le mieux gard\u00e9 de la fronti\u00e8re franco-espagnole.<\/p><h2>O\u00f9 se trouve le Val d&rsquo;Aran ?<\/h2><p data-path-to-node=\"6\">Le <b data-path-to-node=\"6\" data-index-in-node=\"3\">Val d&rsquo;Aran<\/b> est une r\u00e9gion situ\u00e9e dans les <b data-path-to-node=\"6\" data-index-in-node=\"45\">Pyr\u00e9n\u00e9es centrales<\/b>, au nord-ouest de la Catalogne, juste \u00e0 la fronti\u00e8re avec la France et l&rsquo;Aragon.<\/p><p data-path-to-node=\"7\">Ce vaste territoire poss\u00e8de une particularit\u00e9 unique : son orientation atlantique. Cela lui conf\u00e8re un climat et une v\u00e9g\u00e9tation beaucoup plus verts et luxuriants que les vall\u00e9es voisines, ce qui en fait la destination id\u00e9ale pour ceux qui fuient la chaleur estivale. De plus, il poss\u00e8de l&rsquo;<b data-path-to-node=\"7\" data-index-in-node=\"289\">aranais<\/b> comme langue propre, une variante de l&rsquo;occitan prot\u00e9g\u00e9e par la <a class=\"ng-star-inserted\" href=\"https:\/\/www.conselharan.org\/es\/\" target=\"_blank\" rel=\"noopener\">Loi sur le r\u00e9gime sp\u00e9cial d&rsquo;Aran<\/a>. Au-del\u00e0 de sa beaut\u00e9 naturelle, le <b data-path-to-node=\"7\" data-index-in-node=\"429\">Val d&rsquo;Aran<\/b> poss\u00e8de une riche histoire qui se refl\u00e8te dans son architecture traditionnelle et ses coutumes ancestrales.<\/p><p><img fetchpriority=\"high\" decoding=\"async\" class=\"wp-image-7380 aligncenter\" src=\"https:\/\/www.totiaranalquilerbaqueira.com\/blog\/wp-content\/uploads\/2026\/04\/guia-turistica-valle-de-aran-2-300x158.webp\" alt=\"guia turistica valle de aran\" width=\"541\" height=\"284\" srcset=\"https:\/\/www.totiaranalquilerbaqueira.com\/blog\/wp-content\/uploads\/2026\/04\/guia-turistica-valle-de-aran-2-300x158.webp 300w, https:\/\/www.totiaranalquilerbaqueira.com\/blog\/wp-content\/uploads\/2026\/04\/guia-turistica-valle-de-aran-2-768x405.webp 768w, https:\/\/www.totiaranalquilerbaqueira.com\/blog\/wp-content\/uploads\/2026\/04\/guia-turistica-valle-de-aran-2.webp 1000w\" sizes=\"(max-width: 541px) 100vw, 541px\" \/><\/p><h2>Que faire dans le Val d&rsquo;Aran en \u00e9t\u00e9 : Activit\u00e9s d&rsquo;aventure<\/h2><p data-path-to-node=\"10\">Lorsque la neige dispara\u00eet de <b data-path-to-node=\"10\" data-index-in-node=\"30\">Baqueira Beret<\/b>, le paysage devient \u00e9meraude et c&rsquo;est le moment id\u00e9al pour les activit\u00e9s de plein air. Le <b data-path-to-node=\"10\" data-index-in-node=\"135\">Val d&rsquo;Aran en \u00e9t\u00e9<\/b> offre des options infinies :<\/p><ul data-path-to-node=\"11\"><li><p data-path-to-node=\"11,0,0\"><b data-path-to-node=\"11,0,0\" data-index-in-node=\"0\">Randonn\u00e9e et VTT :<\/b> La vall\u00e9e dispose d&rsquo;un r\u00e9seau de sentiers mill\u00e9naires reliant villages et sommets.<\/p><\/li><li><p data-path-to-node=\"11,1,0\"><b data-path-to-node=\"11,1,0\" data-index-in-node=\"0\">Adr\u00e9naline sur la rivi\u00e8re :<\/b> La Garonne est le th\u00e9\u00e2tre id\u00e9al pour les sports d&rsquo;eaux vives. Si vous voulez vivre une exp\u00e9rience unique, nous vous invitons \u00e0 lire notre article sur ce qu&rsquo;est le rafting et o\u00f9 le pratiquer \u00e0 Baqueira.<\/p><\/li><li><p data-path-to-node=\"11,2,0\"><b data-path-to-node=\"11,2,0\" data-index-in-node=\"0\">Escapades courtes :<\/b> M\u00eame si vous disposez de peu de temps, il est possible de profiter de l&rsquo;environnement. Consultez nos conseils pour <a class=\"ng-star-inserted\" href=\"https:\/\/www.totiaranalquilerbaqueira.com\/blog\/fr\/planifiez-votre-week-end-a-baqueira-beret\/\" target=\"_blank\" rel=\"noopener\">planifier votre escapade d&rsquo;un week-end \u00e0 Baqueira Beret<\/a>.<\/p><\/li><\/ul><h2>Les meilleurs villages du Val d&rsquo;Aran : Charme et Tradition<\/h2><p data-path-to-node=\"14\">L&rsquo;essence de la vall\u00e9e r\u00e9side dans ses petits centres urbains de pierre, d&rsquo;ardoise et de bois. Pour les d\u00e9couvrir en profondeur, vous pouvez consulter notre liste des <a class=\"ng-star-inserted\" href=\"https:\/\/www.totiaranalquilerbaqueira.com\/blog\/fr\/val-d-aran-villages\/\" target=\"_blank\" rel=\"noopener\">plus beaux villages du Val d&rsquo;Aran<\/a>, mais voici quelques incontournables \u00e0 visiter cet <b data-path-to-node=\"14\" data-index-in-node=\"252\">\u00e9t\u00e9<\/b> :<\/p><h3 data-path-to-node=\"15\"><b data-path-to-node=\"15\" data-index-in-node=\"0\">Bas Aran : Boss\u00f2st, Les et Bausen<\/b><\/h3><ul><li data-path-to-node=\"16,0,0\"><b data-path-to-node=\"16,0,0\" data-index-in-node=\"0\">Boss\u00f2st :<\/b> Se distingue par sa magnifique vieille ville et son \u00e9glise romane de l&rsquo;Assomption de Marie (XIIe si\u00e8cle).<\/li><li data-path-to-node=\"16,1,0\"><b data-path-to-node=\"16,1,0\" data-index-in-node=\"0\">Les :<\/b> C\u00e9l\u00e8bre pour ses eaux thermales, d\u00e9j\u00e0 appr\u00e9ci\u00e9es par les Romains, id\u00e9ales pour se d\u00e9tendre apr\u00e8s une randonn\u00e9e en montagne.<\/li><li data-path-to-node=\"16,2,0\"><b data-path-to-node=\"16,2,0\" data-index-in-node=\"0\">Bausen :<\/b> Un tr\u00e9sor avant la fronti\u00e8re fran\u00e7aise qui offre l&rsquo;image la plus authentique et sauvage du <b data-path-to-node=\"16,2,0\" data-index-in-node=\"100\">Val d&rsquo;Aran<\/b>.<\/li><\/ul><h3 data-path-to-node=\"17\"><b data-path-to-node=\"17\" data-index-in-node=\"0\">Arties et Vilam\u00f2s<\/b><\/h3><ul><li data-path-to-node=\"18,0,0\"><b data-path-to-node=\"18,0,0\" data-index-in-node=\"0\">Vilam\u00f2s :<\/b> Consid\u00e9r\u00e9 comme le plus ancien village de la vall\u00e9e, il offre des vues spectaculaires sur le massif de la Maladeta et l&rsquo;Aneto.<\/li><li data-path-to-node=\"18,1,0\"><b data-path-to-node=\"18,1,0\" data-index-in-node=\"0\">Arties :<\/b> L&rsquo;un des <b data-path-to-node=\"18,1,0\" data-index-in-node=\"18\">villages du Val d&rsquo;Aran<\/b> les plus anim\u00e9s, c\u00e9l\u00e8bre pour ses maisons de la Renaissance et son excellente offre gastronomique estivale.<\/li><\/ul><h3 data-path-to-node=\"15\">Excellents itin\u00e9raires dans le Val d&rsquo;Aran<\/h3><p data-path-to-node=\"21\">Si une chose d\u00e9finit cette r\u00e9gion, ce sont ses sentiers. Voici les 3 itin\u00e9raires que nous consid\u00e9rons comme obligatoires selon le site officiel de <a class=\"ng-star-inserted\" href=\"https:\/\/www.visitvaldaran.com\" target=\"_blank\" rel=\"noopener\">Tourisme du Val d&rsquo;Aran<\/a> :<\/p><ol start=\"1\" data-path-to-node=\"22\"><li><p data-path-to-node=\"22,0,0\"><b data-path-to-node=\"22,0,0\" data-index-in-node=\"0\">For\u00eat enchant\u00e9e de Carlac (Bausen) :<\/b> Une excursion circulaire au milieu de h\u00eatres mill\u00e9naires qui semblent sortis d&rsquo;une l\u00e9gende.<\/p><\/li><li><p data-path-to-node=\"22,1,0\"><b data-path-to-node=\"22,1,0\" data-index-in-node=\"0\">Route des 7 Lacs (Circ de Colom\u00e8rs) :<\/b> Situ\u00e9e dans le <a class=\"ng-star-inserted\" href=\"https:\/\/www.miteco.gob.es\/es\/red-parques-nacionales\/nuestros-parques\/aiguestortes.html\" target=\"_blank\" rel=\"noopener\">Parc National d&rsquo;Aig\u00fcestortes<\/a>. Une exp\u00e9rience de haute montagne in\u00e9gal\u00e9e.<\/p><\/li><li><p data-path-to-node=\"22,2,0\"><b data-path-to-node=\"22,2,0\" data-index-in-node=\"0\">Artiga de Lin et Uelhs deth Jo\u00e8u :<\/b> Id\u00e9al pour les familles. Beaucoup consid\u00e8rent ce site comme le plus beau coin naturel du <b data-path-to-node=\"22,2,0\" data-index-in-node=\"124\">Val d&rsquo;Aran<\/b>.<\/p><\/li><\/ol><blockquote data-path-to-node=\"23\"><p data-path-to-node=\"23,0\"><b data-path-to-node=\"23,0\" data-index-in-node=\"0\">Conseil Pro :<\/b> Avant de chausser vos bottes, n&rsquo;oubliez pas de toujours consulter les pr\u00e9visions <a class=\"ng-star-inserted\" href=\"https:\/\/www.totiaranalquilerbaqueira.com\/blog\/fr\/temps-estival-dans-val-d-aran\/\" target=\"_blank\" rel=\"noopener\">m\u00e9t\u00e9o du Val d&rsquo;Aran en \u00e9t\u00e9<\/a>, car le temps en montagne peut changer rapidement.<\/p><\/blockquote><h2 data-path-to-node=\"26\">O\u00f9 loger : Votre base d&rsquo;op\u00e9rations dans les Pyr\u00e9n\u00e9es<\/h2><p data-path-to-node=\"26\">Pour profiter de tout ce que propose ce <b data-path-to-node=\"26\" data-index-in-node=\"40\">guide touristique du Val d&rsquo;Aran<\/b>, il est fondamental de choisir un h\u00e9bergement adapt\u00e9 \u00e0 vos besoins. Chez <b data-path-to-node=\"26\" data-index-in-node=\"145\">Toti Aran<\/b>, nous avons les meilleures options :<\/p><ul><li data-path-to-node=\"27,0,0\"><b data-path-to-node=\"27,0,0\" data-index-in-node=\"0\"><a class=\"ng-star-inserted\" href=\"https:\/\/www.google.com\/search?q=https:\/\/www.totiaranalquilerbaqueira.com\/alojamiento-baqueira\/\" target=\"_blank\" rel=\"noopener\">H\u00e9bergements \u00e0 Baqueira<\/a> :<\/b> Vivez l&rsquo;\u00e9t\u00e9 au c\u0153ur de la station.<\/li><li data-path-to-node=\"27,1,0\"><b data-path-to-node=\"27,1,0\" data-index-in-node=\"0\"><a class=\"ng-star-inserted\" href=\"https:\/\/www.totiaranalquilerbaqueira.com\/fr\/location-appartements-vacances-baqueira\/\" target=\"_blank\" rel=\"noopener\">Appartements \u00e0 Val de Ruda<\/a> :<\/b> Un confort maximal avec un acc\u00e8s direct aux meilleurs sentiers de randonn\u00e9e.<\/li><li data-path-to-node=\"27,2,0\"><b data-path-to-node=\"27,2,0\" data-index-in-node=\"0\"><a class=\"ng-star-inserted\" href=\"https:\/\/www.totiaranalquilerbaqueira.com\/fr\/appartements-vacances-val-d-aran\/\" target=\"_blank\" rel=\"noopener\">Maisons et appartements dans le Val d&rsquo;Aran<\/a> :<\/b> S\u00e9journez dans des villages charmants comme Arties ou Salard\u00fa pour vivre l&rsquo;exp\u00e9rience la plus authentique.<\/li><\/ul>\t\t\t\t\t\t\t\t<\/div>\n\t\t\t\t<\/div>\n\t\t\t\t\t<\/div>\n\t\t<\/div>\n\t\t\t\t\t<\/div>\n\t\t<\/section>\n\t\t\t\t<section class=\"elementor-section elementor-top-section elementor-element elementor-element-7c6c0ec5 elementor-section-boxed elementor-section-height-default elementor-section-height-default\" data-id=\"7c6c0ec5\" data-element_type=\"section\" data-e-type=\"section\">\n\t\t\t\t\t\t<div class=\"elementor-container elementor-column-gap-default\">\n\t\t\t\t\t<div class=\"elementor-column elementor-col-50 elementor-top-column elementor-element elementor-element-7d5885f1\" data-id=\"7d5885f1\" data-element_type=\"column\" data-e-type=\"column\">\n\t\t\t<div class=\"elementor-widget-wrap elementor-element-populated\">\n\t\t\t\t\t\t<div class=\"elementor-element elementor-element-27291ab4 elementor-align-center elementor-widget elementor-widget-button\" data-id=\"27291ab4\" data-element_type=\"widget\" data-e-type=\"widget\" data-widget_type=\"button.default\">\n\t\t\t\t<div class=\"elementor-widget-container\">\n\t\t\t\t\t\t\t\t\t<div class=\"elementor-button-wrapper\">\n\t\t\t\t\t<a class=\"elementor-button elementor-button-link elementor-size-sm\" href=\"https:\/\/www.totiaranalquilerbaqueira.com\/fr\/location-logement-au-baqueira\/\">\n\t\t\t\t\t\t<span class=\"elementor-button-content-wrapper\">\n\t\t\t\t\t\t\t\t\t<span class=\"elementor-button-text\">Baqueira Logements<\/span>\n\t\t\t\t\t<\/span>\n\t\t\t\t\t<\/a>\n\t\t\t\t<\/div>\n\t\t\t\t\t\t\t\t<\/div>\n\t\t\t\t<\/div>\n\t\t\t\t\t<\/div>\n\t\t<\/div>\n\t\t\t\t<div class=\"elementor-column elementor-col-50 elementor-top-column elementor-element elementor-element-28aabd45\" data-id=\"28aabd45\" data-element_type=\"column\" data-e-type=\"column\">\n\t\t\t<div class=\"elementor-widget-wrap elementor-element-populated\">\n\t\t\t\t\t\t<div class=\"elementor-element elementor-element-235f8748 elementor-align-center elementor-widget elementor-widget-button\" data-id=\"235f8748\" data-element_type=\"widget\" data-e-type=\"widget\" data-widget_type=\"button.default\">\n\t\t\t\t<div class=\"elementor-widget-container\">\n\t\t\t\t\t\t\t\t\t<div class=\"elementor-button-wrapper\">\n\t\t\t\t\t<a class=\"elementor-button elementor-button-link elementor-size-sm\" href=\"https:\/\/www.totiaranalquilerbaqueira.com\/fr\/locations-vacances-val-d-aran\/\">\n\t\t\t\t\t\t<span class=\"elementor-button-content-wrapper\">\n\t\t\t\t\t\t\t\t\t<span class=\"elementor-button-text\">Val D'Aran Logements<\/span>\n\t\t\t\t\t<\/span>\n\t\t\t\t\t<\/a>\n\t\t\t\t<\/div>\n\t\t\t\t\t\t\t\t<\/div>\n\t\t\t\t<\/div>\n\t\t\t\t\t<\/div>\n\t\t<\/div>\n\t\t\t\t\t<\/div>\n\t\t<\/section>\n\t\t<div class=\"elementor-element elementor-element-df83037 e-flex e-con-boxed e-con e-parent\" data-id=\"df83037\" data-element_type=\"container\" data-e-type=\"container\">\n\t\t\t\t\t<div class=\"e-con-inner\">\n\t\t\t\t<div class=\"elementor-element elementor-element-f191e58 elementor-widget elementor-widget-heading\" data-id=\"f191e58\" data-element_type=\"widget\" data-e-type=\"widget\" data-widget_type=\"heading.default\">\n\t\t\t\t<div class=\"elementor-widget-container\">\n\t\t\t\t\t<h2 class=\"elementor-heading-title elementor-size-default\">Foire aux questions (FAQ) sur le Val d'Aran en \u00e9t\u00e9<\/h2>\t\t\t\t<\/div>\n\t\t\t\t<\/div>\n\t\t\t\t<div class=\"elementor-element elementor-element-7313eab elementor-widget elementor-widget-n-accordion\" data-id=\"7313eab\" data-element_type=\"widget\" data-e-type=\"widget\" data-settings=\"{&quot;default_state&quot;:&quot;expanded&quot;,&quot;max_items_expended&quot;:&quot;one&quot;,&quot;n_accordion_animation_duration&quot;:{&quot;unit&quot;:&quot;ms&quot;,&quot;size&quot;:400,&quot;sizes&quot;:[]}}\" data-widget_type=\"nested-accordion.default\">\n\t\t\t\t<div class=\"elementor-widget-container\">\n\t\t\t\t\t\t\t<div class=\"e-n-accordion\" aria-label=\"Accordion. Open links with Enter or Space, close with Escape, and navigate with Arrow Keys\">\n\t\t\t\t\t\t<details id=\"e-n-accordion-item-1200\" class=\"e-n-accordion-item\" open>\n\t\t\t\t<summary class=\"e-n-accordion-item-title\" data-accordion-index=\"1\" tabindex=\"0\" aria-expanded=\"true\" aria-controls=\"e-n-accordion-item-1200\" >\n\t\t\t\t\t<span class='e-n-accordion-item-title-header'><div class=\"e-n-accordion-item-title-text\"> Quel est le meilleur moment pour visiter le Val d'Aran en \u00e9t\u00e9 ? <\/div><\/span>\n\t\t\t\t\t\t\t<span class='e-n-accordion-item-title-icon'>\n\t\t\t<span class='e-opened' ><i aria-hidden=\"true\" class=\"fas fa-minus\"><\/i><\/span>\n\t\t\t<span class='e-closed'><i aria-hidden=\"true\" class=\"fas fa-plus\"><\/i><\/span>\n\t\t<\/span>\n\n\t\t\t\t\t\t<\/summary>\n\t\t\t\t<div role=\"region\" aria-labelledby=\"e-n-accordion-item-1200\" class=\"elementor-element elementor-element-6960c71 e-con-full e-flex e-con e-child\" data-id=\"6960c71\" data-element_type=\"container\" data-e-type=\"container\">\n\t\t\t\t<div class=\"elementor-element elementor-element-4b4b03c elementor-widget elementor-widget-text-editor\" data-id=\"4b4b03c\" data-element_type=\"widget\" data-e-type=\"widget\" data-widget_type=\"text-editor.default\">\n\t\t\t\t<div class=\"elementor-widget-container\">\n\t\t\t\t\t\t\t\t\t<p data-path-to-node=\"3\">Bien que n&rsquo;importe quel moment entre juin et septembre soit fantastique, les mois de <b data-path-to-node=\"34\" data-index-in-node=\"149\">juillet et ao\u00fbt<\/b> offrent les temp\u00e9ratures les plus agr\u00e9ables pour la haute montagne, et toutes les activit\u00e9s d&rsquo;aventure battent leur plein.<\/p>\t\t\t\t\t\t\t\t<\/div>\n\t\t\t\t<\/div>\n\t\t\t\t<\/div>\n\t\t\t\t\t<\/details>\n\t\t\t\t\t\t<details id=\"e-n-accordion-item-1201\" class=\"e-n-accordion-item\" >\n\t\t\t\t<summary class=\"e-n-accordion-item-title\" data-accordion-index=\"2\" tabindex=\"-1\" aria-expanded=\"false\" aria-controls=\"e-n-accordion-item-1201\" >\n\t\t\t\t\t<span class='e-n-accordion-item-title-header'><div class=\"e-n-accordion-item-title-text\"> Quels v\u00eatements dois-je apporter pour un voyage au Val d'Aran en \u00e9t\u00e9 ? <\/div><\/span>\n\t\t\t\t\t\t\t<span class='e-n-accordion-item-title-icon'>\n\t\t\t<span class='e-opened' ><i aria-hidden=\"true\" class=\"fas fa-minus\"><\/i><\/span>\n\t\t\t<span class='e-closed'><i aria-hidden=\"true\" class=\"fas fa-plus\"><\/i><\/span>\n\t\t<\/span>\n\n\t\t\t\t\t\t<\/summary>\n\t\t\t\t<div role=\"region\" aria-labelledby=\"e-n-accordion-item-1201\" class=\"elementor-element elementor-element-955f158 e-con-full e-flex e-con e-child\" data-id=\"955f158\" data-element_type=\"container\" data-e-type=\"container\">\n\t\t\t\t<div class=\"elementor-element elementor-element-8cfc098 elementor-widget elementor-widget-text-editor\" data-id=\"8cfc098\" data-element_type=\"widget\" data-e-type=\"widget\" data-widget_type=\"text-editor.default\">\n\t\t\t\t<div class=\"elementor-widget-container\">\n\t\t\t\t\t\t\t\t\t<p data-path-to-node=\"4\">Le climat dans les Pyr\u00e9n\u00e9es est atlantique et tr\u00e8s changeant. Nous vous recommandons de vous habiller par couches : des v\u00eatements l\u00e9gers pour la journ\u00e9e, mais n&rsquo;oubliez pas une <b data-path-to-node=\"35\" data-index-in-node=\"248\">veste imperm\u00e9able et quelque chose de chaud<\/b> pour les soir\u00e9es.<\/p>\t\t\t\t\t\t\t\t<\/div>\n\t\t\t\t<\/div>\n\t\t\t\t<\/div>\n\t\t\t\t\t<\/details>\n\t\t\t\t\t\t<details id=\"e-n-accordion-item-1202\" class=\"e-n-accordion-item\" >\n\t\t\t\t<summary class=\"e-n-accordion-item-title\" data-accordion-index=\"3\" tabindex=\"-1\" aria-expanded=\"false\" aria-controls=\"e-n-accordion-item-1202\" >\n\t\t\t\t\t<span class='e-n-accordion-item-title-header'><div class=\"e-n-accordion-item-title-text\"> Est-il n\u00e9cessaire de r\u00e9server les activit\u00e9s d'aventure \u00e0 l'avance ? <\/div><\/span>\n\t\t\t\t\t\t\t<span class='e-n-accordion-item-title-icon'>\n\t\t\t<span class='e-opened' ><i aria-hidden=\"true\" class=\"fas fa-minus\"><\/i><\/span>\n\t\t\t<span class='e-closed'><i aria-hidden=\"true\" class=\"fas fa-plus\"><\/i><\/span>\n\t\t<\/span>\n\n\t\t\t\t\t\t<\/summary>\n\t\t\t\t<div role=\"region\" aria-labelledby=\"e-n-accordion-item-1202\" class=\"elementor-element elementor-element-300e2b8 e-con-full e-flex e-con e-child\" data-id=\"300e2b8\" data-element_type=\"container\" data-e-type=\"container\">\n\t\t\t\t<div class=\"elementor-element elementor-element-8052e74 elementor-widget elementor-widget-text-editor\" data-id=\"8052e74\" data-element_type=\"widget\" data-e-type=\"widget\" data-widget_type=\"text-editor.default\">\n\t\t\t\t<div class=\"elementor-widget-container\">\n\t\t\t\t\t\t\t\t\t<p data-path-to-node=\"7\">Pour les activit\u00e9s populaires comme le <b data-path-to-node=\"36\" data-index-in-node=\"107\">rafting sur la Garonne<\/b>, il est fortement recommand\u00e9 de r\u00e9server au moins quelques jours \u00e0 l&rsquo;avance, surtout si vous voyagez en groupe ou en ao\u00fbt.<\/p>\t\t\t\t\t\t\t\t<\/div>\n\t\t\t\t<\/div>\n\t\t\t\t<\/div>\n\t\t\t\t\t<\/details>\n\t\t\t\t\t<\/div>\n\t\t\t\t\t\t<\/div>\n\t\t\t\t<\/div>\n\t\t\t\t\t<\/div>\n\t\t\t\t<\/div>\n\t\t\t\t<\/div>\n\t\t","protected":false},"excerpt":{"rendered":"<p>Il y a des endroits que l&rsquo;on visite, et d&rsquo;autres que l&rsquo;on ressent. Le Val d&rsquo;Aran appartient \u00e0 cette seconde cat\u00e9gorie. Ce n&rsquo;est pas seulement un point sur la carte des Pyr\u00e9n\u00e9es ; c&rsquo;est un sanctuaire o\u00f9 le temps semble s&rsquo;\u00eatre arr\u00eat\u00e9 entre des sommets de 3 000 m\u00e8tres, des villages de pierre et le [&hellip;]<\/p>\n","protected":false},"author":2,"featured_media":2271,"comment_status":"closed","ping_status":"closed","sticky":false,"template":"","format":"standard","meta":{"footnotes":""},"categories":[109,151,143,139,108],"tags":[],"class_list":["post-7397","post","type-post","status-publish","format-standard","has-post-thumbnail","hentry","category-activites-val-aran","category-ete-vallee-aran","category-experiences-fr","category-hebergements-vallee-aran","category-le-val-daran"],"yoast_head":"<!-- This site is optimized with the Yoast SEO plugin v27.4 - https:\/\/yoast.com\/product\/yoast-seo-wordpress\/ -->\n<title>Guide touristique Val d&#039;Aran : profitez de l&#039;\u00e9t\u00e9 \u00e0 la montagne<\/title>\n<meta name=\"description\" content=\"Guide touristique Val d&#039;Aran : profitez de l&#039;\u00e9t\u00e9 \u00e0 la montagne, loin des foules et avec un climat rafra\u00eechissant.\" \/>\n<meta name=\"robots\" content=\"index, follow, max-snippet:-1, max-image-preview:large, max-video-preview:-1\" \/>\n<link rel=\"canonical\" href=\"https:\/\/www.totiaranalquilerbaqueira.com\/blog\/fr\/guide-touristique-du-val-daran\/\" \/>\n<meta property=\"og:locale\" content=\"fr_FR\" \/>\n<meta property=\"og:type\" content=\"article\" \/>\n<meta property=\"og:title\" content=\"Guide touristique Val d&#039;Aran : profitez de l&#039;\u00e9t\u00e9 \u00e0 la montagne\" \/>\n<meta property=\"og:description\" content=\"Guide touristique Val d&#039;Aran : profitez de l&#039;\u00e9t\u00e9 \u00e0 la montagne, loin des foules et avec un climat rafra\u00eechissant.\" \/>\n<meta property=\"og:url\" content=\"https:\/\/www.totiaranalquilerbaqueira.com\/blog\/fr\/guide-touristique-du-val-daran\/\" \/>\n<meta property=\"og:site_name\" content=\"Blog\" \/>\n<meta property=\"article:published_time\" content=\"2024-07-25T09:27:21+00:00\" \/>\n<meta property=\"article:modified_time\" content=\"2026-04-24T06:25:41+00:00\" \/>\n<meta property=\"og:image\" content=\"https:\/\/www.totiaranalquilerbaqueira.com\/blog\/wp-content\/uploads\/2024\/07\/guia-turistica-valle-aran.jpg\" \/>\n\t<meta property=\"og:image:width\" content=\"1920\" \/>\n\t<meta property=\"og:image:height\" content=\"650\" \/>\n\t<meta property=\"og:image:type\" content=\"image\/jpeg\" \/>\n<meta name=\"author\" content=\"digitalservices\" \/>\n<meta name=\"twitter:card\" content=\"summary_large_image\" \/>\n<meta name=\"twitter:label1\" content=\"\u00c9crit par\" \/>\n\t<meta name=\"twitter:data1\" content=\"digitalservices\" \/>\n\t<meta name=\"twitter:label2\" content=\"Dur\u00e9e de lecture estim\u00e9e\" \/>\n\t<meta name=\"twitter:data2\" content=\"5 minutes\" \/>\n<script type=\"application\/ld+json\" class=\"yoast-schema-graph\">{\"@context\":\"https:\\\/\\\/schema.org\",\"@graph\":[{\"@type\":\"Article\",\"@id\":\"https:\\\/\\\/www.totiaranalquilerbaqueira.com\\\/blog\\\/fr\\\/guide-touristique-du-val-daran\\\/#article\",\"isPartOf\":{\"@id\":\"https:\\\/\\\/www.totiaranalquilerbaqueira.com\\\/blog\\\/fr\\\/guide-touristique-du-val-daran\\\/\"},\"author\":{\"name\":\"digitalservices\",\"@id\":\"https:\\\/\\\/www.totiaranalquilerbaqueira.com\\\/blog\\\/fr\\\/#\\\/schema\\\/person\\\/5719c6a420b4471b1e367fc7c20852fc\"},\"headline\":\"Guide touristique du Val d&rsquo;Aran : Profitez de l&rsquo;\u00e9t\u00e9 \u00e0 la montagne\",\"datePublished\":\"2024-07-25T09:27:21+00:00\",\"dateModified\":\"2026-04-24T06:25:41+00:00\",\"mainEntityOfPage\":{\"@id\":\"https:\\\/\\\/www.totiaranalquilerbaqueira.com\\\/blog\\\/fr\\\/guide-touristique-du-val-daran\\\/\"},\"wordCount\":1149,\"publisher\":{\"@id\":\"https:\\\/\\\/www.totiaranalquilerbaqueira.com\\\/blog\\\/fr\\\/#organization\"},\"image\":{\"@id\":\"https:\\\/\\\/www.totiaranalquilerbaqueira.com\\\/blog\\\/fr\\\/guide-touristique-du-val-daran\\\/#primaryimage\"},\"thumbnailUrl\":\"https:\\\/\\\/www.totiaranalquilerbaqueira.com\\\/blog\\\/wp-content\\\/uploads\\\/2024\\\/07\\\/guia-turistica-valle-aran.jpg\",\"articleSection\":[\"Activit\u00e9s Val d'Aran\",\"\u00c9t\u00e9 Vall\u00e9e d'Aran\",\"Exp\u00e9riences\",\"H\u00e9bergements Vall\u00e9e d'Aran\",\"Le Val d'Aran\"],\"inLanguage\":\"fr-FR\"},{\"@type\":\"WebPage\",\"@id\":\"https:\\\/\\\/www.totiaranalquilerbaqueira.com\\\/blog\\\/fr\\\/guide-touristique-du-val-daran\\\/\",\"url\":\"https:\\\/\\\/www.totiaranalquilerbaqueira.com\\\/blog\\\/fr\\\/guide-touristique-du-val-daran\\\/\",\"name\":\"Guide touristique Val d'Aran : profitez de l'\u00e9t\u00e9 \u00e0 la montagne\",\"isPartOf\":{\"@id\":\"https:\\\/\\\/www.totiaranalquilerbaqueira.com\\\/blog\\\/fr\\\/#website\"},\"primaryImageOfPage\":{\"@id\":\"https:\\\/\\\/www.totiaranalquilerbaqueira.com\\\/blog\\\/fr\\\/guide-touristique-du-val-daran\\\/#primaryimage\"},\"image\":{\"@id\":\"https:\\\/\\\/www.totiaranalquilerbaqueira.com\\\/blog\\\/fr\\\/guide-touristique-du-val-daran\\\/#primaryimage\"},\"thumbnailUrl\":\"https:\\\/\\\/www.totiaranalquilerbaqueira.com\\\/blog\\\/wp-content\\\/uploads\\\/2024\\\/07\\\/guia-turistica-valle-aran.jpg\",\"datePublished\":\"2024-07-25T09:27:21+00:00\",\"dateModified\":\"2026-04-24T06:25:41+00:00\",\"description\":\"Guide touristique Val d'Aran : profitez de l'\u00e9t\u00e9 \u00e0 la montagne, loin des foules et avec un climat rafra\u00eechissant.\",\"breadcrumb\":{\"@id\":\"https:\\\/\\\/www.totiaranalquilerbaqueira.com\\\/blog\\\/fr\\\/guide-touristique-du-val-daran\\\/#breadcrumb\"},\"inLanguage\":\"fr-FR\",\"potentialAction\":[{\"@type\":\"ReadAction\",\"target\":[\"https:\\\/\\\/www.totiaranalquilerbaqueira.com\\\/blog\\\/fr\\\/guide-touristique-du-val-daran\\\/\"]}]},{\"@type\":\"ImageObject\",\"inLanguage\":\"fr-FR\",\"@id\":\"https:\\\/\\\/www.totiaranalquilerbaqueira.com\\\/blog\\\/fr\\\/guide-touristique-du-val-daran\\\/#primaryimage\",\"url\":\"https:\\\/\\\/www.totiaranalquilerbaqueira.com\\\/blog\\\/wp-content\\\/uploads\\\/2024\\\/07\\\/guia-turistica-valle-aran.jpg\",\"contentUrl\":\"https:\\\/\\\/www.totiaranalquilerbaqueira.com\\\/blog\\\/wp-content\\\/uploads\\\/2024\\\/07\\\/guia-turistica-valle-aran.jpg\",\"width\":1920,\"height\":650,\"caption\":\"guide touristique val d'aran\"},{\"@type\":\"BreadcrumbList\",\"@id\":\"https:\\\/\\\/www.totiaranalquilerbaqueira.com\\\/blog\\\/fr\\\/guide-touristique-du-val-daran\\\/#breadcrumb\",\"itemListElement\":[{\"@type\":\"ListItem\",\"position\":1,\"name\":\"Portada\",\"item\":\"https:\\\/\\\/www.totiaranalquilerbaqueira.com\\\/blog\\\/fr\\\/\"},{\"@type\":\"ListItem\",\"position\":2,\"name\":\"Guide touristique du Val d&#8217;Aran : Profitez de l&#8217;\u00e9t\u00e9 \u00e0 la montagne\"}]},{\"@type\":\"WebSite\",\"@id\":\"https:\\\/\\\/www.totiaranalquilerbaqueira.com\\\/blog\\\/fr\\\/#website\",\"url\":\"https:\\\/\\\/www.totiaranalquilerbaqueira.com\\\/blog\\\/fr\\\/\",\"name\":\"Blog\",\"description\":\"Totiaranalquilerbaqueira\",\"publisher\":{\"@id\":\"https:\\\/\\\/www.totiaranalquilerbaqueira.com\\\/blog\\\/fr\\\/#organization\"},\"potentialAction\":[{\"@type\":\"SearchAction\",\"target\":{\"@type\":\"EntryPoint\",\"urlTemplate\":\"https:\\\/\\\/www.totiaranalquilerbaqueira.com\\\/blog\\\/fr\\\/?s={search_term_string}\"},\"query-input\":{\"@type\":\"PropertyValueSpecification\",\"valueRequired\":true,\"valueName\":\"search_term_string\"}}],\"inLanguage\":\"fr-FR\"},{\"@type\":\"Organization\",\"@id\":\"https:\\\/\\\/www.totiaranalquilerbaqueira.com\\\/blog\\\/fr\\\/#organization\",\"name\":\"Blog\",\"url\":\"https:\\\/\\\/www.totiaranalquilerbaqueira.com\\\/blog\\\/fr\\\/\",\"logo\":{\"@type\":\"ImageObject\",\"inLanguage\":\"fr-FR\",\"@id\":\"https:\\\/\\\/www.totiaranalquilerbaqueira.com\\\/blog\\\/fr\\\/#\\\/schema\\\/logo\\\/image\\\/\",\"url\":\"https:\\\/\\\/www.totiaranalquilerbaqueira.com\\\/blog\\\/wp-content\\\/uploads\\\/2024\\\/08\\\/logo-totiaran-baqueira.png\",\"contentUrl\":\"https:\\\/\\\/www.totiaranalquilerbaqueira.com\\\/blog\\\/wp-content\\\/uploads\\\/2024\\\/08\\\/logo-totiaran-baqueira.png\",\"width\":400,\"height\":84,\"caption\":\"Blog\"},\"image\":{\"@id\":\"https:\\\/\\\/www.totiaranalquilerbaqueira.com\\\/blog\\\/fr\\\/#\\\/schema\\\/logo\\\/image\\\/\"}},{\"@type\":\"Person\",\"@id\":\"https:\\\/\\\/www.totiaranalquilerbaqueira.com\\\/blog\\\/fr\\\/#\\\/schema\\\/person\\\/5719c6a420b4471b1e367fc7c20852fc\",\"name\":\"digitalservices\",\"image\":{\"@type\":\"ImageObject\",\"inLanguage\":\"fr-FR\",\"@id\":\"https:\\\/\\\/secure.gravatar.com\\\/avatar\\\/af30f88a1904294c1f3eb09a9d7903eec4ffa18fa2cf40c28a8681014ecdfc20?s=96&d=mm&r=g\",\"url\":\"https:\\\/\\\/secure.gravatar.com\\\/avatar\\\/af30f88a1904294c1f3eb09a9d7903eec4ffa18fa2cf40c28a8681014ecdfc20?s=96&d=mm&r=g\",\"contentUrl\":\"https:\\\/\\\/secure.gravatar.com\\\/avatar\\\/af30f88a1904294c1f3eb09a9d7903eec4ffa18fa2cf40c28a8681014ecdfc20?s=96&d=mm&r=g\",\"caption\":\"digitalservices\"},\"url\":\"https:\\\/\\\/www.totiaranalquilerbaqueira.com\\\/blog\\\/fr\\\/author\\\/digitalservices\\\/\"}]}<\/script>\n<!-- \/ Yoast SEO plugin. -->","yoast_head_json":{"title":"Guide touristique Val d'Aran : profitez de l'\u00e9t\u00e9 \u00e0 la montagne","description":"Guide touristique Val d'Aran : profitez de l'\u00e9t\u00e9 \u00e0 la montagne, loin des foules et avec un climat rafra\u00eechissant.","robots":{"index":"index","follow":"follow","max-snippet":"max-snippet:-1","max-image-preview":"max-image-preview:large","max-video-preview":"max-video-preview:-1"},"canonical":"https:\/\/www.totiaranalquilerbaqueira.com\/blog\/fr\/guide-touristique-du-val-daran\/","og_locale":"fr_FR","og_type":"article","og_title":"Guide touristique Val d'Aran : profitez de l'\u00e9t\u00e9 \u00e0 la montagne","og_description":"Guide touristique Val d'Aran : profitez de l'\u00e9t\u00e9 \u00e0 la montagne, loin des foules et avec un climat rafra\u00eechissant.","og_url":"https:\/\/www.totiaranalquilerbaqueira.com\/blog\/fr\/guide-touristique-du-val-daran\/","og_site_name":"Blog","article_published_time":"2024-07-25T09:27:21+00:00","article_modified_time":"2026-04-24T06:25:41+00:00","og_image":[{"width":1920,"height":650,"url":"https:\/\/www.totiaranalquilerbaqueira.com\/blog\/wp-content\/uploads\/2024\/07\/guia-turistica-valle-aran.jpg","type":"image\/jpeg"}],"author":"digitalservices","twitter_card":"summary_large_image","twitter_misc":{"\u00c9crit par":"digitalservices","Dur\u00e9e de lecture estim\u00e9e":"5 minutes"},"schema":{"@context":"https:\/\/schema.org","@graph":[{"@type":"Article","@id":"https:\/\/www.totiaranalquilerbaqueira.com\/blog\/fr\/guide-touristique-du-val-daran\/#article","isPartOf":{"@id":"https:\/\/www.totiaranalquilerbaqueira.com\/blog\/fr\/guide-touristique-du-val-daran\/"},"author":{"name":"digitalservices","@id":"https:\/\/www.totiaranalquilerbaqueira.com\/blog\/fr\/#\/schema\/person\/5719c6a420b4471b1e367fc7c20852fc"},"headline":"Guide touristique du Val d&rsquo;Aran : Profitez de l&rsquo;\u00e9t\u00e9 \u00e0 la montagne","datePublished":"2024-07-25T09:27:21+00:00","dateModified":"2026-04-24T06:25:41+00:00","mainEntityOfPage":{"@id":"https:\/\/www.totiaranalquilerbaqueira.com\/blog\/fr\/guide-touristique-du-val-daran\/"},"wordCount":1149,"publisher":{"@id":"https:\/\/www.totiaranalquilerbaqueira.com\/blog\/fr\/#organization"},"image":{"@id":"https:\/\/www.totiaranalquilerbaqueira.com\/blog\/fr\/guide-touristique-du-val-daran\/#primaryimage"},"thumbnailUrl":"https:\/\/www.totiaranalquilerbaqueira.com\/blog\/wp-content\/uploads\/2024\/07\/guia-turistica-valle-aran.jpg","articleSection":["Activit\u00e9s Val d'Aran","\u00c9t\u00e9 Vall\u00e9e d'Aran","Exp\u00e9riences","H\u00e9bergements Vall\u00e9e d'Aran","Le Val d'Aran"],"inLanguage":"fr-FR"},{"@type":"WebPage","@id":"https:\/\/www.totiaranalquilerbaqueira.com\/blog\/fr\/guide-touristique-du-val-daran\/","url":"https:\/\/www.totiaranalquilerbaqueira.com\/blog\/fr\/guide-touristique-du-val-daran\/","name":"Guide touristique Val d'Aran : profitez de l'\u00e9t\u00e9 \u00e0 la montagne","isPartOf":{"@id":"https:\/\/www.totiaranalquilerbaqueira.com\/blog\/fr\/#website"},"primaryImageOfPage":{"@id":"https:\/\/www.totiaranalquilerbaqueira.com\/blog\/fr\/guide-touristique-du-val-daran\/#primaryimage"},"image":{"@id":"https:\/\/www.totiaranalquilerbaqueira.com\/blog\/fr\/guide-touristique-du-val-daran\/#primaryimage"},"thumbnailUrl":"https:\/\/www.totiaranalquilerbaqueira.com\/blog\/wp-content\/uploads\/2024\/07\/guia-turistica-valle-aran.jpg","datePublished":"2024-07-25T09:27:21+00:00","dateModified":"2026-04-24T06:25:41+00:00","description":"Guide touristique Val d'Aran : profitez de l'\u00e9t\u00e9 \u00e0 la montagne, loin des foules et avec un climat rafra\u00eechissant.","breadcrumb":{"@id":"https:\/\/www.totiaranalquilerbaqueira.com\/blog\/fr\/guide-touristique-du-val-daran\/#breadcrumb"},"inLanguage":"fr-FR","potentialAction":[{"@type":"ReadAction","target":["https:\/\/www.totiaranalquilerbaqueira.com\/blog\/fr\/guide-touristique-du-val-daran\/"]}]},{"@type":"ImageObject","inLanguage":"fr-FR","@id":"https:\/\/www.totiaranalquilerbaqueira.com\/blog\/fr\/guide-touristique-du-val-daran\/#primaryimage","url":"https:\/\/www.totiaranalquilerbaqueira.com\/blog\/wp-content\/uploads\/2024\/07\/guia-turistica-valle-aran.jpg","contentUrl":"https:\/\/www.totiaranalquilerbaqueira.com\/blog\/wp-content\/uploads\/2024\/07\/guia-turistica-valle-aran.jpg","width":1920,"height":650,"caption":"guide touristique val d'aran"},{"@type":"BreadcrumbList","@id":"https:\/\/www.totiaranalquilerbaqueira.com\/blog\/fr\/guide-touristique-du-val-daran\/#breadcrumb","itemListElement":[{"@type":"ListItem","position":1,"name":"Portada","item":"https:\/\/www.totiaranalquilerbaqueira.com\/blog\/fr\/"},{"@type":"ListItem","position":2,"name":"Guide touristique du Val d&#8217;Aran : Profitez de l&#8217;\u00e9t\u00e9 \u00e0 la montagne"}]},{"@type":"WebSite","@id":"https:\/\/www.totiaranalquilerbaqueira.com\/blog\/fr\/#website","url":"https:\/\/www.totiaranalquilerbaqueira.com\/blog\/fr\/","name":"Blog","description":"Totiaranalquilerbaqueira","publisher":{"@id":"https:\/\/www.totiaranalquilerbaqueira.com\/blog\/fr\/#organization"},"potentialAction":[{"@type":"SearchAction","target":{"@type":"EntryPoint","urlTemplate":"https:\/\/www.totiaranalquilerbaqueira.com\/blog\/fr\/?s={search_term_string}"},"query-input":{"@type":"PropertyValueSpecification","valueRequired":true,"valueName":"search_term_string"}}],"inLanguage":"fr-FR"},{"@type":"Organization","@id":"https:\/\/www.totiaranalquilerbaqueira.com\/blog\/fr\/#organization","name":"Blog","url":"https:\/\/www.totiaranalquilerbaqueira.com\/blog\/fr\/","logo":{"@type":"ImageObject","inLanguage":"fr-FR","@id":"https:\/\/www.totiaranalquilerbaqueira.com\/blog\/fr\/#\/schema\/logo\/image\/","url":"https:\/\/www.totiaranalquilerbaqueira.com\/blog\/wp-content\/uploads\/2024\/08\/logo-totiaran-baqueira.png","contentUrl":"https:\/\/www.totiaranalquilerbaqueira.com\/blog\/wp-content\/uploads\/2024\/08\/logo-totiaran-baqueira.png","width":400,"height":84,"caption":"Blog"},"image":{"@id":"https:\/\/www.totiaranalquilerbaqueira.com\/blog\/fr\/#\/schema\/logo\/image\/"}},{"@type":"Person","@id":"https:\/\/www.totiaranalquilerbaqueira.com\/blog\/fr\/#\/schema\/person\/5719c6a420b4471b1e367fc7c20852fc","name":"digitalservices","image":{"@type":"ImageObject","inLanguage":"fr-FR","@id":"https:\/\/secure.gravatar.com\/avatar\/af30f88a1904294c1f3eb09a9d7903eec4ffa18fa2cf40c28a8681014ecdfc20?s=96&d=mm&r=g","url":"https:\/\/secure.gravatar.com\/avatar\/af30f88a1904294c1f3eb09a9d7903eec4ffa18fa2cf40c28a8681014ecdfc20?s=96&d=mm&r=g","contentUrl":"https:\/\/secure.gravatar.com\/avatar\/af30f88a1904294c1f3eb09a9d7903eec4ffa18fa2cf40c28a8681014ecdfc20?s=96&d=mm&r=g","caption":"digitalservices"},"url":"https:\/\/www.totiaranalquilerbaqueira.com\/blog\/fr\/author\/digitalservices\/"}]}},"_links":{"self":[{"href":"https:\/\/www.totiaranalquilerbaqueira.com\/blog\/fr\/wp-json\/wp\/v2\/posts\/7397","targetHints":{"allow":["GET"]}}],"collection":[{"href":"https:\/\/www.totiaranalquilerbaqueira.com\/blog\/fr\/wp-json\/wp\/v2\/posts"}],"about":[{"href":"https:\/\/www.totiaranalquilerbaqueira.com\/blog\/fr\/wp-json\/wp\/v2\/types\/post"}],"author":[{"embeddable":true,"href":"https:\/\/www.totiaranalquilerbaqueira.com\/blog\/fr\/wp-json\/wp\/v2\/users\/2"}],"replies":[{"embeddable":true,"href":"https:\/\/www.totiaranalquilerbaqueira.com\/blog\/fr\/wp-json\/wp\/v2\/comments?post=7397"}],"version-history":[{"count":7,"href":"https:\/\/www.totiaranalquilerbaqueira.com\/blog\/fr\/wp-json\/wp\/v2\/posts\/7397\/revisions"}],"predecessor-version":[{"id":7405,"href":"https:\/\/www.totiaranalquilerbaqueira.com\/blog\/fr\/wp-json\/wp\/v2\/posts\/7397\/revisions\/7405"}],"wp:featuredmedia":[{"embeddable":true,"href":"https:\/\/www.totiaranalquilerbaqueira.com\/blog\/fr\/wp-json\/wp\/v2\/media\/2271"}],"wp:attachment":[{"href":"https:\/\/www.totiaranalquilerbaqueira.com\/blog\/fr\/wp-json\/wp\/v2\/media?parent=7397"}],"wp:term":[{"taxonomy":"category","embeddable":true,"href":"https:\/\/www.totiaranalquilerbaqueira.com\/blog\/fr\/wp-json\/wp\/v2\/categories?post=7397"},{"taxonomy":"post_tag","embeddable":true,"href":"https:\/\/www.totiaranalquilerbaqueira.com\/blog\/fr\/wp-json\/wp\/v2\/tags?post=7397"}],"curies":[{"name":"wp","href":"https:\/\/api.w.org\/{rel}","templated":true}]}}