{"id":5522,"date":"2025-04-20T09:29:32","date_gmt":"2025-04-20T09:29:32","guid":{"rendered":"https:\/\/www.totiaranalquilerbaqueira.com\/blog\/?p=5522"},"modified":"2025-04-22T14:40:40","modified_gmt":"2025-04-22T14:40:40","slug":"10-raisons-de-venir-au-val-daran-en-ete","status":"publish","type":"post","link":"https:\/\/www.totiaranalquilerbaqueira.com\/blog\/fr\/10-raisons-de-venir-au-val-daran-en-ete\/","title":{"rendered":"10 raisons de venir au Val d&rsquo;Aran en \u00e9t\u00e9"},"content":{"rendered":"\t\t<div data-elementor-type=\"wp-post\" data-elementor-id=\"5522\" class=\"elementor elementor-5522 elementor-156\" data-elementor-post-type=\"post\">\n\t\t\t\t\t\t<section class=\"elementor-section elementor-top-section elementor-element elementor-element-5bfdbf08 elementor-section-boxed elementor-section-height-default elementor-section-height-default\" data-id=\"5bfdbf08\" data-element_type=\"section\" data-e-type=\"section\">\n\t\t\t\t\t\t<div class=\"elementor-container elementor-column-gap-default\">\n\t\t\t\t\t<div class=\"elementor-column elementor-col-100 elementor-top-column elementor-element elementor-element-6002cdcf\" data-id=\"6002cdcf\" data-element_type=\"column\" data-e-type=\"column\">\n\t\t\t<div class=\"elementor-widget-wrap elementor-element-populated\">\n\t\t\t\t\t\t<div class=\"elementor-element elementor-element-24654a68 elementor-widget elementor-widget-text-editor\" data-id=\"24654a68\" data-element_type=\"widget\" data-e-type=\"widget\" data-widget_type=\"text-editor.default\">\n\t\t\t\t<div class=\"elementor-widget-container\">\n\t\t\t\t\t\t\t\t\tBeaucoup imaginent l&rsquo;\u00e9t\u00e9 en marchant au bord de la mer et en regardant le coucher du soleil depuis un bar de plage. Mais, <strong>vous \u00eates-vous d\u00e9j\u00e0 demand\u00e9 s\u2019il ne serait pas mieux d\u2019\u00e9changer les plages bond\u00e9es contre l\u2019air pur de la montagne, avec ses rivi\u00e8res et ses lacs magnifiques ?<\/strong>\nPour ces vacances, chez <a href=\"https:\/\/www.totiaranalquilerbaqueira.com\/fr\/locations-vacances-val-d-aran\/\">Totiaran<\/a>, nous vous invitons \u00e0 d\u00e9couvrir la station de Baqueira Beret et ses charmants villages, dans le plus pur style estival !\n\t\t\t\t\t\t\t\t<\/div>\n\t\t\t\t<\/div>\n\t\t\t\t\t<\/div>\n\t\t<\/div>\n\t\t\t\t\t<\/div>\n\t\t<\/section>\n\t\t\t\t<section class=\"elementor-section elementor-top-section elementor-element elementor-element-118a0d6 elementor-section-boxed elementor-section-height-default elementor-section-height-default\" data-id=\"118a0d6\" data-element_type=\"section\" data-e-type=\"section\">\n\t\t\t\t\t\t<div class=\"elementor-container elementor-column-gap-default\">\n\t\t\t\t\t<div class=\"elementor-column elementor-col-100 elementor-top-column elementor-element elementor-element-e33bcea\" data-id=\"e33bcea\" data-element_type=\"column\" data-e-type=\"column\">\n\t\t\t<div class=\"elementor-widget-wrap elementor-element-populated\">\n\t\t\t\t\t\t<div class=\"elementor-element elementor-element-8157299 elementor-align-center elementor-widget elementor-widget-button\" data-id=\"8157299\" data-element_type=\"widget\" data-e-type=\"widget\" data-widget_type=\"button.default\">\n\t\t\t\t<div class=\"elementor-widget-container\">\n\t\t\t\t\t\t\t\t\t<div class=\"elementor-button-wrapper\">\n\t\t\t\t\t<a class=\"elementor-button elementor-button-link elementor-size-sm\" href=\"#alojamientos\">\n\t\t\t\t\t\t<span class=\"elementor-button-content-wrapper\">\n\t\t\t\t\t\t\t\t\t<span class=\"elementor-button-text\">Logements \u00e1 Val d'Aran<\/span>\n\t\t\t\t\t<\/span>\n\t\t\t\t\t<\/a>\n\t\t\t\t<\/div>\n\t\t\t\t\t\t\t\t<\/div>\n\t\t\t\t<\/div>\n\t\t\t\t\t<\/div>\n\t\t<\/div>\n\t\t\t\t\t<\/div>\n\t\t<\/section>\n\t\t\t\t<section class=\"elementor-section elementor-top-section elementor-element elementor-element-204dc8a elementor-section-boxed elementor-section-height-default elementor-section-height-default\" data-id=\"204dc8a\" data-element_type=\"section\" data-e-type=\"section\">\n\t\t\t\t\t\t<div class=\"elementor-container elementor-column-gap-default\">\n\t\t\t\t\t<div class=\"elementor-column elementor-col-100 elementor-top-column elementor-element elementor-element-b4651ba\" data-id=\"b4651ba\" data-element_type=\"column\" data-e-type=\"column\">\n\t\t\t<div class=\"elementor-widget-wrap elementor-element-populated\">\n\t\t\t\t\t\t<div class=\"elementor-element elementor-element-56c8c7d elementor-widget elementor-widget-text-editor\" data-id=\"56c8c7d\" data-element_type=\"widget\" data-e-type=\"widget\" data-widget_type=\"text-editor.default\">\n\t\t\t\t<div class=\"elementor-widget-container\">\n\t\t\t\t\t\t\t\t\t<p><strong>Saviez-vous que la Val d&rsquo;Aran est l&rsquo;une des destinations les plus pris\u00e9es des amateurs de tourisme nature en \u00e9t\u00e9 ?<\/strong> Gr\u00e2ce \u00e0 son climat frais, ses itin\u00e9raires uniques et ses h\u00e9bergements confortables, elle se positionne comme l&rsquo;alternative id\u00e9ale au tourisme baln\u00e9aire. Voici pourquoi vous devriez envisager des vacances \u00e0 la montagne.<\/p>\t\t\t\t\t\t\t\t<\/div>\n\t\t\t\t<\/div>\n\t\t\t\t\t<\/div>\n\t\t<\/div>\n\t\t\t\t\t<\/div>\n\t\t<\/section>\n\t\t\t\t<section class=\"elementor-section elementor-top-section elementor-element elementor-element-51c48df elementor-section-boxed elementor-section-height-default elementor-section-height-default\" data-id=\"51c48df\" data-element_type=\"section\" data-e-type=\"section\">\n\t\t\t\t\t\t<div class=\"elementor-container elementor-column-gap-default\">\n\t\t\t\t\t<div class=\"elementor-column elementor-col-100 elementor-top-column elementor-element elementor-element-5aea42b\" data-id=\"5aea42b\" data-element_type=\"column\" data-e-type=\"column\">\n\t\t\t<div class=\"elementor-widget-wrap elementor-element-populated\">\n\t\t\t\t\t\t<div class=\"elementor-element elementor-element-488a27e elementor-widget elementor-widget-heading\" data-id=\"488a27e\" data-element_type=\"widget\" data-e-type=\"widget\" data-widget_type=\"heading.default\">\n\t\t\t\t<div class=\"elementor-widget-container\">\n\t\t\t\t\t<h2 class=\"elementor-heading-title elementor-size-default\">Les raisons de visiter le Val d'Aran en \u00e9t\u00e9<\/h2>\t\t\t\t<\/div>\n\t\t\t\t<\/div>\n\t\t\t\t\t<\/div>\n\t\t<\/div>\n\t\t\t\t\t<\/div>\n\t\t<\/section>\n\t\t\t\t<section class=\"elementor-section elementor-top-section elementor-element elementor-element-98abcbf elementor-section-boxed elementor-section-height-default elementor-section-height-default\" data-id=\"98abcbf\" data-element_type=\"section\" data-e-type=\"section\">\n\t\t\t\t\t\t<div class=\"elementor-container elementor-column-gap-default\">\n\t\t\t\t\t<div class=\"elementor-column elementor-col-50 elementor-top-column elementor-element elementor-element-a162d75\" data-id=\"a162d75\" data-element_type=\"column\" data-e-type=\"column\">\n\t\t\t<div class=\"elementor-widget-wrap elementor-element-populated\">\n\t\t\t\t\t\t<div class=\"elementor-element elementor-element-4b438e4 elementor-widget elementor-widget-text-editor\" data-id=\"4b438e4\" data-element_type=\"widget\" data-e-type=\"widget\" data-widget_type=\"text-editor.default\">\n\t\t\t\t<div class=\"elementor-widget-container\">\n\t\t\t\t\t\t\t\t\t<p><strong>1. Explorer les environs en parcourant chaque sentier :<\/strong> Le paysage de la Val d&rsquo;Aran en \u00e9t\u00e9 est tout simplement incroyable ! Des prairies verdoyantes, des vaches en p\u00e2turage, des lacs et rivi\u00e8res d\u00e9bordant de vie, des for\u00eats et des sommets encore l\u00e9g\u00e8rement enneig\u00e9s. La randonn\u00e9e est sans aucun doute une excellente mani\u00e8re de profiter de ce cadre naturel offrant des vues magnifiques sur les Pyr\u00e9n\u00e9es catalanes. La r\u00e9gion regorge de sentiers, nos pr\u00e9f\u00e9r\u00e9s : l&rsquo;excursion au monast\u00e8re de Montgarri et la travers\u00e9e de l&rsquo;Aneto.<\/p><p><strong>Quelles randonn\u00e9es ne pas manquer dans la Val d&rsquo;Aran ?<\/strong> En plus du monast\u00e8re de Montgarri et de l&rsquo;Aneto, ne manquez pas la route du Circ de Colomers, un itin\u00e9raire qui longe plus de 30 lacs glaciaires, id\u00e9al pour les familles ou les amateurs de photographie.<\/p><p><strong>2. Parcourir la Val d&rsquo;Aran \u00e0 v\u00e9lo :<\/strong> Glissez sur les pistes de Baqueira Beret, cette fois en rempla\u00e7ant les skis par un v\u00e9lo. La vall\u00e9e offre plus de 900 km d\u2019itin\u00e9raires homologu\u00e9s accessibles \u00e0 tous les niveaux. Des parcours pour v\u00e9los \u00e9lectriques, des descentes impressionnantes en trail ou en enduro, des balades tranquilles \u00e0 faire en famille et des itin\u00e9raires sur route. Nouveaut\u00e9 : un circuit traversant la station de Baqueira Beret accessible par t\u00e9l\u00e9si\u00e8ge. Le nouveau t\u00e9l\u00e9si\u00e8ge Cl\u00f2t der Os permet d&rsquo;acc\u00e9der \u00e0 des descentes adapt\u00e9es \u00e0 tous les niveaux pour profiter de la station sur deux roues. <a href=\"\/blog\/3-razones-para-alquilar-tu-ebike-de-monta%C3%B1a\" target=\"_blank\" rel=\"noopener\">Location de v\u00e9los ici<\/a><\/p><p><strong>O\u00f9 louer un v\u00e9lo dans la Val d&rsquo;Aran ?<\/strong> Si vous n\u2019avez pas votre propre v\u00e9lo, pas de souci. Plusieurs boutiques sp\u00e9cialis\u00e9es \u00e0 la station proposent la location de VTT, v\u00e9los \u00e9lectriques et tout l\u2019\u00e9quipement n\u00e9cessaire pour tous les niveaux.<\/p>\t\t\t\t\t\t\t\t<\/div>\n\t\t\t\t<\/div>\n\t\t\t\t\t<\/div>\n\t\t<\/div>\n\t\t\t\t<div class=\"elementor-column elementor-col-50 elementor-top-column elementor-element elementor-element-89a10c5\" data-id=\"89a10c5\" data-element_type=\"column\" data-e-type=\"column\">\n\t\t\t<div class=\"elementor-widget-wrap elementor-element-populated\">\n\t\t\t\t\t\t<div class=\"elementor-element elementor-element-fc5e00e elementor-widget elementor-widget-image\" data-id=\"fc5e00e\" data-element_type=\"widget\" data-e-type=\"widget\" data-widget_type=\"image.default\">\n\t\t\t\t<div class=\"elementor-widget-container\">\n\t\t\t\t\t\t\t\t\t\t\t\t\t\t\t<img fetchpriority=\"high\" decoding=\"async\" width=\"460\" height=\"613\" src=\"https:\/\/www.totiaranalquilerbaqueira.com\/blog\/wp-content\/uploads\/2024\/08\/10-razones-valle-de-aran.jpg\" class=\"attachment-large size-large wp-image-1880\" alt=\"bicicleta en verano en el valle de aran\" srcset=\"https:\/\/www.totiaranalquilerbaqueira.com\/blog\/wp-content\/uploads\/2024\/08\/10-razones-valle-de-aran.jpg 460w, https:\/\/www.totiaranalquilerbaqueira.com\/blog\/wp-content\/uploads\/2024\/08\/10-razones-valle-de-aran-225x300.jpg 225w\" sizes=\"(max-width: 460px) 100vw, 460px\" \/>\t\t\t\t\t\t\t\t\t\t\t\t\t\t\t<\/div>\n\t\t\t\t<\/div>\n\t\t\t\t\t<\/div>\n\t\t<\/div>\n\t\t\t\t\t<\/div>\n\t\t<\/section>\n\t\t\t\t<section class=\"elementor-section elementor-top-section elementor-element elementor-element-2003aa0 elementor-section-boxed elementor-section-height-default elementor-section-height-default\" data-id=\"2003aa0\" data-element_type=\"section\" data-e-type=\"section\">\n\t\t\t\t\t\t<div class=\"elementor-container elementor-column-gap-default\">\n\t\t\t\t\t<div class=\"elementor-column elementor-col-50 elementor-top-column elementor-element elementor-element-22ffbb3\" data-id=\"22ffbb3\" data-element_type=\"column\" data-e-type=\"column\">\n\t\t\t<div class=\"elementor-widget-wrap elementor-element-populated\">\n\t\t\t\t\t\t<div class=\"elementor-element elementor-element-eb54c3f elementor-widget elementor-widget-image\" data-id=\"eb54c3f\" data-element_type=\"widget\" data-e-type=\"widget\" data-widget_type=\"image.default\">\n\t\t\t\t<div class=\"elementor-widget-container\">\n\t\t\t\t\t\t\t\t\t\t\t\t\t\t\t<img decoding=\"async\" width=\"460\" height=\"613\" src=\"https:\/\/www.totiaranalquilerbaqueira.com\/blog\/wp-content\/uploads\/2024\/08\/10-razones-venir-verano-al-valle-de-aran.jpg\" class=\"attachment-large size-large wp-image-1883\" alt=\"Verano valle de aran\" srcset=\"https:\/\/www.totiaranalquilerbaqueira.com\/blog\/wp-content\/uploads\/2024\/08\/10-razones-venir-verano-al-valle-de-aran.jpg 460w, https:\/\/www.totiaranalquilerbaqueira.com\/blog\/wp-content\/uploads\/2024\/08\/10-razones-venir-verano-al-valle-de-aran-225x300.jpg 225w\" sizes=\"(max-width: 460px) 100vw, 460px\" \/>\t\t\t\t\t\t\t\t\t\t\t\t\t\t\t<\/div>\n\t\t\t\t<\/div>\n\t\t\t\t\t<\/div>\n\t\t<\/div>\n\t\t\t\t<div class=\"elementor-column elementor-col-50 elementor-top-column elementor-element elementor-element-f0532e6\" data-id=\"f0532e6\" data-element_type=\"column\" data-e-type=\"column\">\n\t\t\t<div class=\"elementor-widget-wrap elementor-element-populated\">\n\t\t\t\t\t\t<div class=\"elementor-element elementor-element-e314abc elementor-widget elementor-widget-text-editor\" data-id=\"e314abc\" data-element_type=\"widget\" data-e-type=\"widget\" data-widget_type=\"text-editor.default\">\n\t\t\t\t<div class=\"elementor-widget-container\">\n\t\t\t\t\t\t\t\t\t<p><strong>3. Se d\u00e9tendre dans les bains thermaux :<\/strong> Les vacances riment avec relaxation, c\u2019est pourquoi un excellent moyen de d\u00e9tendre corps et esprit dans un cadre naturel est de visiter l\u2019un des bains thermaux apr\u00e8s une journ\u00e9e de randonn\u00e9e ou de v\u00e9lo. L\u2019option la plus populaire est celle des piscines naturelles d\u2019Arties, ouvertes pendant les mois d\u2019\u00e9t\u00e9. Pour une exp\u00e9rience plus originale, rendez-vous au Parc National d\u2019Aig\u00fcestortes, o\u00f9 se trouve la station thermale la plus haute d\u2019Europe, situ\u00e9e \u00e0 1 740 m\u00e8tres d\u2019altitude.<\/p><p><strong>4. Monter en t\u00e9l\u00e9si\u00e8ge sans skis :<\/strong> Baqueira Beret garde certains t\u00e9l\u00e9si\u00e8ges ouverts pendant l\u2019\u00e9t\u00e9 pour permettre de profiter de vues imprenables sur les sommets des Pyr\u00e9n\u00e9es de L\u00e9rida. Nouveaut\u00e9 de cette saison : le t\u00e9l\u00e9si\u00e8ge TSD El Bosque, situ\u00e9 \u00e0 Baqueira 1500, et le nouveau t\u00e9l\u00e9si\u00e8ge TSD Cl\u00f2t der Os, ouvert l\u2019hiver dernier dans la zone de Beret, resteront en fonctionnement. Une autre mani\u00e8re de d\u00e9couvrir cette station de ski de renomm\u00e9e mondiale \u00e0 seulement quelques pas des logements propos\u00e9s par Totiaran.<\/p><p><strong>Conseil :<\/strong> Si vous \u00eates amateur de photographie ou \u00e0 la recherche de vues panoramiques spectaculaires pour vos r\u00e9seaux sociaux, ne manquez pas de prendre le t\u00e9l\u00e9si\u00e8ge t\u00f4t le matin ou au coucher du soleil. La lumi\u00e8re naturelle vous offrira des paysages inoubliables.<\/p><p><strong>5. Sports d&rsquo;aventure \u00e0 votre port\u00e9e :<\/strong> Que vous aimiez fr\u00f4ler le ciel ou grimper des parois vertigineuses, la Val d&rsquo;Aran a tout ce qu\u2019il vous faut, le tout encadr\u00e9 par des experts avec l\u2019\u00e9quipement n\u00e9cessaire. Et pour compl\u00e9ter votre programme d\u2019activit\u00e9s, les rivi\u00e8res de la vall\u00e9e proposent une grande vari\u00e9t\u00e9 d\u2019activit\u00e9s rafra\u00eechissantes : kayak, rafting, cano\u00eb, canyoning&#8230; Un cocktail d\u2019adr\u00e9naline et de nature garanti !<\/p>\t\t\t\t\t\t\t\t<\/div>\n\t\t\t\t<\/div>\n\t\t\t\t\t<\/div>\n\t\t<\/div>\n\t\t\t\t\t<\/div>\n\t\t<\/section>\n\t\t\t\t<section class=\"elementor-section elementor-top-section elementor-element elementor-element-f2fec59 elementor-section-boxed elementor-section-height-default elementor-section-height-default\" data-id=\"f2fec59\" data-element_type=\"section\" data-e-type=\"section\">\n\t\t\t\t\t\t<div class=\"elementor-container elementor-column-gap-default\">\n\t\t\t\t\t<div class=\"elementor-column elementor-col-100 elementor-top-column elementor-element elementor-element-f1e2fe7\" data-id=\"f1e2fe7\" data-element_type=\"column\" data-e-type=\"column\">\n\t\t\t<div class=\"elementor-widget-wrap elementor-element-populated\">\n\t\t\t\t\t\t<div class=\"elementor-element elementor-element-bf6198d elementor-widget elementor-widget-text-editor\" data-id=\"bf6198d\" data-element_type=\"widget\" data-e-type=\"widget\" data-widget_type=\"text-editor.default\">\n\t\t\t\t<div class=\"elementor-widget-container\">\n\t\t\t\t\t\t\t\t\t<p><strong>6. D\u00e9fier le vertige sur les via ferratas et les parois d\u2019escalade :<\/strong> Une via ferrata est un itin\u00e9raire a\u00e9rien \u00e9quip\u00e9 de diff\u00e9rents \u00e9l\u00e9ments de s\u00e9curit\u00e9 (barreaux, c\u00e2bles, crochets\u2026), une mani\u00e8re originale et passionnante de d\u00e9couvrir les Pyr\u00e9n\u00e9es. Les via ferratas les plus populaires de la r\u00e9gion sont celles de Les, Poi d\u2019Unha et Torre de Cledes. Si vous pr\u00e9f\u00e9rez l\u2019escalade traditionnelle, les montagnes aranaises offrent \u00e9galement des parois verticales, notamment dans la zone de Bagergue, avec diff\u00e9rents niveaux de difficult\u00e9 dans un cadre tr\u00e8s pittoresque.<\/p><p><strong>Quel \u00e9quipement faut-il pour faire une via ferrata ?<\/strong> Pas besoin d\u2019\u00eatre un professionnel. Vous pouvez louer un kit complet (harnais, casque, longe avec absorbeur d\u2019\u00e9nergie) dans les magasins de montagne de la vall\u00e9e. De nombreux itin\u00e9raires sont adapt\u00e9s aux d\u00e9butants et peuvent se faire avec un guide certifi\u00e9.<\/p><p><strong>7. Se rafra\u00eechir en faisant du rafting :<\/strong> Pour ceux qui ont chaud, le rafting est l\u2019option id\u00e9ale. Montez \u00e0 bord et laissez-vous porter par les courants des eaux de fonte. D\u2019autres activit\u00e9s aquatiques rafra\u00eechissantes et excitantes sont \u00e9galement possibles : kayak, cano\u00eb, ou canyoning dans les affluents du fleuve Garonne.<\/p><p><strong>8. D\u00e9couvrir l\u2019histoire de la Val d\u2019Aran :<\/strong> Si vous souhaitez en savoir plus sur le pass\u00e9 de la vall\u00e9e, le Mus\u00e9e de la Val d\u2019Aran est un incontournable. Vous pouvez \u00e9galement visiter la Filature de laine, le Moulin de Salard\u00fa, l\u2019\u00c9comus\u00e9e de Joanchiquet \u00e0 Vilam\u00f2s et les Mines de Victoria pour un aper\u00e7u complet des racines de ce lieu magique des Pyr\u00e9n\u00e9es.<\/p><p><strong>Recommandation :<\/strong> Si vous aimez le tourisme culturel, consultez le calendrier local. En \u00e9t\u00e9, des f\u00eates traditionnelles et des visites th\u00e9\u00e2tralis\u00e9es sont organis\u00e9es dans certains villages de la vall\u00e9e, vous transportant dans le pass\u00e9.<\/p><p><img decoding=\"async\" class=\"alignnone wp-image-1875 size-full\" src=\"https:\/\/www.totiaranalquilerbaqueira.com\/blog\/wp-content\/uploads\/2024\/08\/10-razones-valle-de-aran-verano.jpg\" alt=\"Activit\u00e9s d'\u00e9t\u00e9 dans la Val d'Aran\" width=\"700\" height=\"424\" srcset=\"https:\/\/www.totiaranalquilerbaqueira.com\/blog\/wp-content\/uploads\/2024\/08\/10-razones-valle-de-aran-verano.jpg 700w, https:\/\/www.totiaranalquilerbaqueira.com\/blog\/wp-content\/uploads\/2024\/08\/10-razones-valle-de-aran-verano-300x182.jpg 300w\" sizes=\"(max-width: 700px) 100vw, 700px\" \/><\/p><p><strong>9. Barbecues en plein air :<\/strong> L\u2019une des activit\u00e9s les plus populaires et appr\u00e9ci\u00e9es par les jeunes, les familles, les groupes sportifs, les amis ou les couples est de trouver un bon coin pour faire un d\u00e9licieux <a href=\"\/blog\/lugares-para-barbacoa-en-el-valle-de-aran\" target=\"_blank\" rel=\"noopener\">barbecue en plein air<\/a> apr\u00e8s une journ\u00e9e d\u2019activit\u00e9s. La vall\u00e9e dispose de plusieurs endroits idylliques, tr\u00e8s bien am\u00e9nag\u00e9s avec barbecues, tables en pierre et bancs, dans des zones l\u00e9galement autoris\u00e9es pour garantir une exp\u00e9rience conviviale et respectueuse de l\u2019environnement.<\/p><p><strong>10. Tranquillit\u00e9 et paix :<\/strong> Les vacances sont faites pour se reposer, mais surtout pour REVITALISER le corps et l\u2019esprit.<\/p><p><span style=\"text-align: center;\">Profitez de la nature et du calme dans un cadre aussi privil\u00e9gi\u00e9 que la Val d&rsquo;Aran.<\/span><strong><span style=\"text-align: center;\"> R\u00e9servez d\u00e8s maintenant votre h\u00e9bergement dans ce paradis de montagne !<\/span><\/strong><\/p>\t\t\t\t\t\t\t\t<\/div>\n\t\t\t\t<\/div>\n\t\t\t\t\t<\/div>\n\t\t<\/div>\n\t\t\t\t\t<\/div>\n\t\t<\/section>\n\t\t\t\t<section class=\"elementor-section elementor-top-section elementor-element elementor-element-bf0f2fd elementor-section-boxed elementor-section-height-default elementor-section-height-default\" data-id=\"bf0f2fd\" data-element_type=\"section\" data-e-type=\"section\">\n\t\t\t\t\t\t<div class=\"elementor-container elementor-column-gap-default\">\n\t\t\t\t\t<div class=\"elementor-column elementor-col-100 elementor-top-column elementor-element elementor-element-b35e267\" data-id=\"b35e267\" data-element_type=\"column\" data-e-type=\"column\">\n\t\t\t<div class=\"elementor-widget-wrap elementor-element-populated\">\n\t\t\t\t\t\t<div class=\"elementor-element elementor-element-2e4d0fb elementor-widget elementor-widget-heading\" data-id=\"2e4d0fb\" data-element_type=\"widget\" data-e-type=\"widget\" data-widget_type=\"heading.default\">\n\t\t\t\t<div class=\"elementor-widget-container\">\n\t\t\t\t\t<h2 class=\"elementor-heading-title elementor-size-default\">Logements \u00e1 Salard\u00fa<\/h2>\t\t\t\t<\/div>\n\t\t\t\t<\/div>\n\t\t\t\t\t<\/div>\n\t\t<\/div>\n\t\t\t\t\t<\/div>\n\t\t<\/section>\n\t\t\t\t<section class=\"elementor-section elementor-top-section elementor-element elementor-element-5ec5c91 elementor-section-boxed elementor-section-height-default elementor-section-height-default\" data-id=\"5ec5c91\" data-element_type=\"section\" data-e-type=\"section\">\n\t\t\t\t\t\t<div class=\"elementor-container elementor-column-gap-default\">\n\t\t\t\t\t<div class=\"elementor-column elementor-col-100 elementor-top-column elementor-element elementor-element-992bdd4\" data-id=\"992bdd4\" data-element_type=\"column\" data-e-type=\"column\">\n\t\t\t<div class=\"elementor-widget-wrap elementor-element-populated\">\n\t\t\t\t\t\t<div class=\"elementor-element elementor-element-dfe4e92 elementor-widget elementor-widget-grid\" data-id=\"dfe4e92\" data-element_type=\"widget\" data-e-type=\"widget\" id=\"alojamientos\" data-widget_type=\"grid.default\">\n\t\t\t\t<div class=\"elementor-widget-container\">\n\t\t\t\t\t\t\t<div class=\"its--row alojamientos-recomendados\">\n\n\t\t\t<div class=\"alojamientos-recomendados-container\">\n\n\t\t\t\t\t\n\t\t\t\t\t<a href=\"https:\/\/www.totiaranalquilerbaqueira.com\/fr\/location\/maison-salardu-casa-armeros-by-totiaran-289157.html\" rel=\"nofollow\" style=\"width: 23%;\">\n\t\t\t\t\t\t<div class=\"apartamento-box\">\n\t\t\t\t\t\t\t<div class=\"imagen_recomendados\">\n\t\t\t\t\t\t\t\t<img decoding=\"async\" src=\"https:\/\/crs.avantio.com\/fotos\/2\/1558508431de88fa99cb2acda3a389497a44df6268\/big1566042104a59a6d5f30df7db9c1e6ef85637cb77c.jpg\" alt=\"Casa Armeros Maison traditionnelle aranaise \u00e0 Salard\u00fa\">\n\t\t\t\t\t\t\t<\/div>\n\t\t\t\t\t\t\t<div class=\"info\">\n\t\t\t\t\t\t\t\t<div class=\"ubicacion\">\n\t\t\t\t\t\t\t\t\t<i class=\"fa-solid fa-location-dot icono-mapa\"><\/i><span class=\"ubicacion-texto\">Salard\u00fa - L\u00e9rida<\/span>\n\t\t\t\t\t\t\t\t<\/div>\n\t\t\t\t\t\t\t\t<H4 class=\"titulo-alojamiento\">\n\t\t\t\t\t\t\t\t\tCasa Armeros Maison traditionnelle aranaise \u00e0 Salard\u00fa\t\t\t\t\t\t\t\t<\/H4>\n\t\t\t\t\t\t\t\t<p class=\"precio-alojamiento\">\u00c0 partir de <span class=\"precio\">150.00\u20ac<\/span> par nuit<\/p>\n\t\t\t\t\t\t\t<\/div>\n\t\t\t\t\t\t<\/div>\n\t\t\t\t\t<\/a> \n\t\t\t\t\t\t\n\t\t\t\t\t<a href=\"https:\/\/www.totiaranalquilerbaqueira.com\/fr\/location\/maison-salardu-casa-nautada-by-totiaran-289159.html\" rel=\"nofollow\" style=\"width: 23%;\">\n\t\t\t\t\t\t<div class=\"apartamento-box\">\n\t\t\t\t\t\t\t<div class=\"imagen_recomendados\">\n\t\t\t\t\t\t\t\t<img decoding=\"async\" src=\"https:\/\/crs.avantio.com\/fotos\/2\/156475337613e3d516fdbdae417aaec480b79c59a0\/big156604341667bf79561de63b3be84a1a2c3f9dc57c.jpg\" alt=\"Casa Nautada Belle duplex 4 chambres \u00e0 coucher 9p \u00e0 la ville de Salard\u00fa\">\n\t\t\t\t\t\t\t<\/div>\n\t\t\t\t\t\t\t<div class=\"info\">\n\t\t\t\t\t\t\t\t<div class=\"ubicacion\">\n\t\t\t\t\t\t\t\t\t<i class=\"fa-solid fa-location-dot icono-mapa\"><\/i><span class=\"ubicacion-texto\">Salard\u00fa - L\u00e9rida<\/span>\n\t\t\t\t\t\t\t\t<\/div>\n\t\t\t\t\t\t\t\t<H4 class=\"titulo-alojamiento\">\n\t\t\t\t\t\t\t\t\tCasa Nautada Belle duplex 4 chambres \u00e0 coucher 9p \u00e0 la ville de Salard\u00fa\t\t\t\t\t\t\t\t<\/H4>\n\t\t\t\t\t\t\t\t<p class=\"precio-alojamiento\">\u00c0 partir de <span class=\"precio\">330.00\u20ac<\/span> par nuit<\/p>\n\t\t\t\t\t\t\t<\/div>\n\t\t\t\t\t\t<\/div>\n\t\t\t\t\t<\/a> \n\t\t\t\t\t\t\n\t\t\t\t\t<a href=\"https:\/\/www.totiaranalquilerbaqueira.com\/fr\/location\/appartement-salardu-eth-pui-by-totiaran-289161.html\" rel=\"nofollow\" style=\"width: 23%;\">\n\t\t\t\t\t\t<div class=\"apartamento-box\">\n\t\t\t\t\t\t\t<div class=\"imagen_recomendados\">\n\t\t\t\t\t\t\t\t<img decoding=\"async\" src=\"https:\/\/crs.avantio.com\/fotos\/2\/1564816726de68300c03250859d30bafea4e340f8d\/big156572443008a5af4a8a01f148e6c4ccc9091bdb4d.jpg\" alt=\"Eth Pui  Splendide appartement en duplex de 164m2 dans le magnifique village de Salard\u00fa\">\n\t\t\t\t\t\t\t<\/div>\n\t\t\t\t\t\t\t<div class=\"info\">\n\t\t\t\t\t\t\t\t<div class=\"ubicacion\">\n\t\t\t\t\t\t\t\t\t<i class=\"fa-solid fa-location-dot icono-mapa\"><\/i><span class=\"ubicacion-texto\">Salard\u00fa - L\u00e9rida<\/span>\n\t\t\t\t\t\t\t\t<\/div>\n\t\t\t\t\t\t\t\t<H4 class=\"titulo-alojamiento\">\n\t\t\t\t\t\t\t\t\tEth Pui  Splendide appartement en duplex de 164m2 dans le magnifique village de Salard\u00fa\t\t\t\t\t\t\t\t<\/H4>\n\t\t\t\t\t\t\t\t<p class=\"precio-alojamiento\">\u00c0 partir de <span class=\"precio\">300.00\u20ac<\/span> par nuit<\/p>\n\t\t\t\t\t\t\t<\/div>\n\t\t\t\t\t\t<\/div>\n\t\t\t\t\t<\/a> \n\t\t\t\t\t\t\n\t\t\t\t\t<a href=\"https:\/\/www.totiaranalquilerbaqueira.com\/fr\/location\/appartement-salardu-montpius-by-totiaran-289163.html\" rel=\"nofollow\" style=\"width: 23%;\">\n\t\t\t\t\t\t<div class=\"apartamento-box\">\n\t\t\t\t\t\t\t<div class=\"imagen_recomendados\">\n\t\t\t\t\t\t\t\t<img decoding=\"async\" src=\"https:\/\/crs.avantio.com\/fotos\/2\/156931342630ee6e9191b9bea1d199384b9ca1a0f2\/big17131947919e8fd608d43bae54b9817926504acbb2.jpg\" alt=\"Montpius Superbe appartement moderne pour 11p dans la belle ville de Salard\u00fa\">\n\t\t\t\t\t\t\t<\/div>\n\t\t\t\t\t\t\t<div class=\"info\">\n\t\t\t\t\t\t\t\t<div class=\"ubicacion\">\n\t\t\t\t\t\t\t\t\t<i class=\"fa-solid fa-location-dot icono-mapa\"><\/i><span class=\"ubicacion-texto\">Salard\u00fa - L\u00e9rida<\/span>\n\t\t\t\t\t\t\t\t<\/div>\n\t\t\t\t\t\t\t\t<H4 class=\"titulo-alojamiento\">\n\t\t\t\t\t\t\t\t\tMontpius Superbe appartement moderne pour 11p dans la belle ville de Salard\u00fa\t\t\t\t\t\t\t\t<\/H4>\n\t\t\t\t\t\t\t\t<p class=\"precio-alojamiento\">\u00c0 partir de <span class=\"precio\">288.00\u20ac<\/span> par nuit<\/p>\n\t\t\t\t\t\t\t<\/div>\n\t\t\t\t\t\t<\/div>\n\t\t\t\t\t<\/a> \n\t\t\t\t\t\t\t\t<\/div>\n\t\t\t<\/div>\n\t\t\t\t\t\t<\/div>\n\t\t\t\t<\/div>\n\t\t\t\t\t<\/div>\n\t\t<\/div>\n\t\t\t\t\t<\/div>\n\t\t<\/section>\n\t\t\t\t<section class=\"elementor-section elementor-top-section elementor-element elementor-element-cca4cb2 elementor-section-boxed elementor-section-height-default elementor-section-height-default\" data-id=\"cca4cb2\" data-element_type=\"section\" data-e-type=\"section\">\n\t\t\t\t\t\t<div class=\"elementor-container elementor-column-gap-default\">\n\t\t\t\t\t<div class=\"elementor-column elementor-col-100 elementor-top-column elementor-element elementor-element-7a5c694\" data-id=\"7a5c694\" data-element_type=\"column\" data-e-type=\"column\">\n\t\t\t<div class=\"elementor-widget-wrap elementor-element-populated\">\n\t\t\t\t\t\t<div class=\"elementor-element elementor-element-320ef45 elementor-widget elementor-widget-heading\" data-id=\"320ef45\" data-element_type=\"widget\" data-e-type=\"widget\" data-widget_type=\"heading.default\">\n\t\t\t\t<div class=\"elementor-widget-container\">\n\t\t\t\t\t<h2 class=\"elementor-heading-title elementor-size-default\">Logements \u00e1Vielha<\/h2>\t\t\t\t<\/div>\n\t\t\t\t<\/div>\n\t\t\t\t<div class=\"elementor-element elementor-element-baf3187 elementor-widget elementor-widget-grid\" data-id=\"baf3187\" data-element_type=\"widget\" data-e-type=\"widget\" data-widget_type=\"grid.default\">\n\t\t\t\t<div class=\"elementor-widget-container\">\n\t\t\t\t\t\t\t<div class=\"its--row alojamientos-recomendados\">\n\n\t\t\t<div class=\"alojamientos-recomendados-container\">\n\n\t\t\t\t\t\n\t\t\t\t\t<a href=\"https:\/\/www.totiaranalquilerbaqueira.com\/fr\/location\/appartement-vielha-e-mijaran-bargadera-by-totiaran-289218.html\" rel=\"nofollow\" style=\"width: 23%;\">\n\t\t\t\t\t\t<div class=\"apartamento-box\">\n\t\t\t\t\t\t\t<div class=\"imagen_recomendados\">\n\t\t\t\t\t\t\t\t<img decoding=\"async\" src=\"https:\/\/crs.avantio.com\/fotos\/2\/1564749594aaf4dc9147f5788572a4a735a9328b32\/big1705433776a31caf2c39e6619038a0e18254003883.jpg\" alt=\"Bargaderaby Totiaran Magnifique appartement duplex \u00e0 Vielha\">\n\t\t\t\t\t\t\t<\/div>\n\t\t\t\t\t\t\t<div class=\"info\">\n\t\t\t\t\t\t\t\t<div class=\"ubicacion\">\n\t\t\t\t\t\t\t\t\t<i class=\"fa-solid fa-location-dot icono-mapa\"><\/i><span class=\"ubicacion-texto\">Vielha e Mijaran - L\u00e9rida<\/span>\n\t\t\t\t\t\t\t\t<\/div>\n\t\t\t\t\t\t\t\t<H4 class=\"titulo-alojamiento\">\n\t\t\t\t\t\t\t\t\tBargaderaby Totiaran Magnifique appartement duplex \u00e0 Vielha\t\t\t\t\t\t\t\t<\/H4>\n\t\t\t\t\t\t\t\t<p class=\"precio-alojamiento\">\u00c0 partir de <span class=\"precio\">250.00\u20ac<\/span> par nuit<\/p>\n\t\t\t\t\t\t\t<\/div>\n\t\t\t\t\t\t<\/div>\n\t\t\t\t\t<\/a> \n\t\t\t\t\t\t\n\t\t\t\t\t<a href=\"https:\/\/www.totiaranalquilerbaqueira.com\/fr\/location\/appartement-vielha-e-mijaran-montcorbison-by-totiaran-289226.html\" rel=\"nofollow\" style=\"width: 23%;\">\n\t\t\t\t\t\t<div class=\"apartamento-box\">\n\t\t\t\t\t\t\t<div class=\"imagen_recomendados\">\n\t\t\t\t\t\t\t\t<img decoding=\"async\" src=\"https:\/\/crs.avantio.com\/fotos\/2\/157355404499b36adc8c490f20fd225acac1c9f111\/big15735540777f37b96c656566abc018a33f92e99f2d.jpg\" alt=\"Montcorbison Charmant appartement de 3 chambres \u00e0 Vielha 9 personnes\">\n\t\t\t\t\t\t\t<\/div>\n\t\t\t\t\t\t\t<div class=\"info\">\n\t\t\t\t\t\t\t\t<div class=\"ubicacion\">\n\t\t\t\t\t\t\t\t\t<i class=\"fa-solid fa-location-dot icono-mapa\"><\/i><span class=\"ubicacion-texto\">Vielha e Mijaran - L\u00e9rida<\/span>\n\t\t\t\t\t\t\t\t<\/div>\n\t\t\t\t\t\t\t\t<H4 class=\"titulo-alojamiento\">\n\t\t\t\t\t\t\t\t\tMontcorbison Charmant appartement de 3 chambres \u00e0 Vielha 9 personnes\t\t\t\t\t\t\t\t<\/H4>\n\t\t\t\t\t\t\t\t<p class=\"precio-alojamiento\">\u00c0 partir de <span class=\"precio\">150.00\u20ac<\/span> par nuit<\/p>\n\t\t\t\t\t\t\t<\/div>\n\t\t\t\t\t\t<\/div>\n\t\t\t\t\t<\/a> \n\t\t\t\t\t\t\n\t\t\t\t\t<a href=\"https:\/\/www.totiaranalquilerbaqueira.com\/fr\/location\/appartement-vielha-e-mijaran-cap-dera-vila-by-totiaran-435992.html\" rel=\"nofollow\" style=\"width: 23%;\">\n\t\t\t\t\t\t<div class=\"apartamento-box\">\n\t\t\t\t\t\t\t<div class=\"imagen_recomendados\">\n\t\t\t\t\t\t\t\t<img decoding=\"async\" src=\"https:\/\/crs.avantio.com\/fotos\/2\/1687518276b8da9c98f1d4fcd16310fff99b368885\/big168795008829eb010efda33aaf014a39026dc83078.jpg\" alt=\"Cap Dera Vila by Totiaran\">\n\t\t\t\t\t\t\t<\/div>\n\t\t\t\t\t\t\t<div class=\"info\">\n\t\t\t\t\t\t\t\t<div class=\"ubicacion\">\n\t\t\t\t\t\t\t\t\t<i class=\"fa-solid fa-location-dot icono-mapa\"><\/i><span class=\"ubicacion-texto\">Vielha e Mijaran - L\u00e9rida<\/span>\n\t\t\t\t\t\t\t\t<\/div>\n\t\t\t\t\t\t\t\t<H4 class=\"titulo-alojamiento\">\n\t\t\t\t\t\t\t\t\tCap Dera Vila by Totiaran\t\t\t\t\t\t\t\t<\/H4>\n\t\t\t\t\t\t\t\t<p class=\"precio-alojamiento\">\u00c0 partir de <span class=\"precio\">150.00\u20ac<\/span> par nuit<\/p>\n\t\t\t\t\t\t\t<\/div>\n\t\t\t\t\t\t<\/div>\n\t\t\t\t\t<\/a> \n\t\t\t\t\t\t\t\t<\/div>\n\t\t\t<\/div>\n\t\t\t\t\t\t<\/div>\n\t\t\t\t<\/div>\n\t\t\t\t\t<\/div>\n\t\t<\/div>\n\t\t\t\t\t<\/div>\n\t\t<\/section>\n\t\t\t\t<section class=\"elementor-section elementor-top-section elementor-element elementor-element-c646aeb elementor-section-boxed elementor-section-height-default elementor-section-height-default\" data-id=\"c646aeb\" data-element_type=\"section\" data-e-type=\"section\">\n\t\t\t\t\t\t<div class=\"elementor-container elementor-column-gap-default\">\n\t\t\t\t\t<div class=\"elementor-column elementor-col-100 elementor-top-column elementor-element elementor-element-f1cf5a7\" data-id=\"f1cf5a7\" data-element_type=\"column\" data-e-type=\"column\">\n\t\t\t<div class=\"elementor-widget-wrap elementor-element-populated\">\n\t\t\t\t\t\t<div class=\"elementor-element elementor-element-0e39e88 elementor-widget elementor-widget-heading\" data-id=\"0e39e88\" data-element_type=\"widget\" data-e-type=\"widget\" data-widget_type=\"heading.default\">\n\t\t\t\t<div class=\"elementor-widget-container\">\n\t\t\t\t\t<h2 class=\"elementor-heading-title elementor-size-default\">Logements \u00e1 Art\u00edes<\/h2>\t\t\t\t<\/div>\n\t\t\t\t<\/div>\n\t\t\t\t\t<\/div>\n\t\t<\/div>\n\t\t\t\t\t<\/div>\n\t\t<\/section>\n\t\t\t\t<section class=\"elementor-section elementor-top-section elementor-element elementor-element-75d0ee1 elementor-section-boxed elementor-section-height-default elementor-section-height-default\" data-id=\"75d0ee1\" data-element_type=\"section\" data-e-type=\"section\">\n\t\t\t\t\t\t<div class=\"elementor-container elementor-column-gap-default\">\n\t\t\t\t\t<div class=\"elementor-column elementor-col-100 elementor-top-column elementor-element elementor-element-e918872\" data-id=\"e918872\" data-element_type=\"column\" data-e-type=\"column\">\n\t\t\t<div class=\"elementor-widget-wrap elementor-element-populated\">\n\t\t\t\t\t\t<div class=\"elementor-element elementor-element-3188477 elementor-widget elementor-widget-grid\" data-id=\"3188477\" data-element_type=\"widget\" data-e-type=\"widget\" data-widget_type=\"grid.default\">\n\t\t\t\t<div class=\"elementor-widget-container\">\n\t\t\t\t\t\t\t<div class=\"its--row alojamientos-recomendados\">\n\n\t\t\t<div class=\"alojamientos-recomendados-container\">\n\n\t\t\t\t\t\n\t\t\t\t\t<a href=\"https:\/\/www.totiaranalquilerbaqueira.com\/fr\/location\/maison-arties-casa-es-pletieus-by-totiaran-289019.html\" rel=\"nofollow\" style=\"width: 23%;\">\n\t\t\t\t\t\t<div class=\"apartamento-box\">\n\t\t\t\t\t\t\t<div class=\"imagen_recomendados\">\n\t\t\t\t\t\t\t\t<img decoding=\"async\" src=\"https:\/\/crs.avantio.com\/fotos\/2\/1558513929ceab8e043767bc2fd78656e7faac039c\/big1655225879e6ff845deade4700809ef6d4cc14818b.jpg\" alt=\"Casa Es Pletieus Confortable maison de montagne pour 8 personnes \u00e0 Arties\">\n\t\t\t\t\t\t\t<\/div>\n\t\t\t\t\t\t\t<div class=\"info\">\n\t\t\t\t\t\t\t\t<div class=\"ubicacion\">\n\t\t\t\t\t\t\t\t\t<i class=\"fa-solid fa-location-dot icono-mapa\"><\/i><span class=\"ubicacion-texto\">Arties - L\u00e9rida<\/span>\n\t\t\t\t\t\t\t\t<\/div>\n\t\t\t\t\t\t\t\t<H4 class=\"titulo-alojamiento\">\n\t\t\t\t\t\t\t\t\tCasa Es Pletieus Confortable maison de montagne pour 8 personnes \u00e0 Arties\t\t\t\t\t\t\t\t<\/H4>\n\t\t\t\t\t\t\t\t<p class=\"precio-alojamiento\">\u00c0 partir de <span class=\"precio\">325.00\u20ac<\/span> par nuit<\/p>\n\t\t\t\t\t\t\t<\/div>\n\t\t\t\t\t\t<\/div>\n\t\t\t\t\t<\/a> \n\t\t\t\t\t\t\n\t\t\t\t\t<a href=\"https:\/\/www.totiaranalquilerbaqueira.com\/fr\/location\/maison-arties-casa-vuelta-a-casa-by-totiaran-289021.html\" rel=\"nofollow\" style=\"width: 23%;\">\n\t\t\t\t\t\t<div class=\"apartamento-box\">\n\t\t\t\t\t\t\t<div class=\"imagen_recomendados\">\n\t\t\t\t\t\t\t\t<img decoding=\"async\" src=\"https:\/\/crs.avantio.com\/fotos\/2\/15647811778af27f16e9c6fb7aa2fd9c42850bba92\/big156606338797aa123a2d3d9a1429d7054855733957.jpg\" alt=\"Casa Vuelta a Casa maison de montagne pour 10 personnes \u00e0 Arties\">\n\t\t\t\t\t\t\t<\/div>\n\t\t\t\t\t\t\t<div class=\"info\">\n\t\t\t\t\t\t\t\t<div class=\"ubicacion\">\n\t\t\t\t\t\t\t\t\t<i class=\"fa-solid fa-location-dot icono-mapa\"><\/i><span class=\"ubicacion-texto\">Arties - L\u00e9rida<\/span>\n\t\t\t\t\t\t\t\t<\/div>\n\t\t\t\t\t\t\t\t<H4 class=\"titulo-alojamiento\">\n\t\t\t\t\t\t\t\t\tCasa Vuelta a Casa maison de montagne pour 10 personnes \u00e0 Arties\t\t\t\t\t\t\t\t<\/H4>\n\t\t\t\t\t\t\t\t<p class=\"precio-alojamiento\">\u00c0 partir de <span class=\"precio\">300.00\u20ac<\/span> par nuit<\/p>\n\t\t\t\t\t\t\t<\/div>\n\t\t\t\t\t\t<\/div>\n\t\t\t\t\t<\/a> \n\t\t\t\t\t\t\n\t\t\t\t\t<a href=\"https:\/\/www.totiaranalquilerbaqueira.com\/fr\/location\/appartement-arties-liat-by-totiaran-289026.html\" rel=\"nofollow\" style=\"width: 23%;\">\n\t\t\t\t\t\t<div class=\"apartamento-box\">\n\t\t\t\t\t\t\t<div class=\"imagen_recomendados\">\n\t\t\t\t\t\t\t\t<img decoding=\"async\" src=\"https:\/\/crs.avantio.com\/fotos\/2\/1564818425ba2c116915c467c813ddcda4ecbfbf0b\/big1565975639107ac3965bcb91409218c21cfd79dc86.jpg\" alt=\"Liat Beau duplex pour 6p dans Arties l'un des plus charmants villages de la vall\u00e9e\">\n\t\t\t\t\t\t\t<\/div>\n\t\t\t\t\t\t\t<div class=\"info\">\n\t\t\t\t\t\t\t\t<div class=\"ubicacion\">\n\t\t\t\t\t\t\t\t\t<i class=\"fa-solid fa-location-dot icono-mapa\"><\/i><span class=\"ubicacion-texto\">Arties - L\u00e9rida<\/span>\n\t\t\t\t\t\t\t\t<\/div>\n\t\t\t\t\t\t\t\t<H4 class=\"titulo-alojamiento\">\n\t\t\t\t\t\t\t\t\tLiat Beau duplex pour 6p dans Arties l'un des plus charmants villages de la vall\u00e9e\t\t\t\t\t\t\t\t<\/H4>\n\t\t\t\t\t\t\t\t<p class=\"precio-alojamiento\">\u00c0 partir de <span class=\"precio\">165.00\u20ac<\/span> par nuit<\/p>\n\t\t\t\t\t\t\t<\/div>\n\t\t\t\t\t\t<\/div>\n\t\t\t\t\t<\/a> \n\t\t\t\t\t\t\t\t<\/div>\n\t\t\t<\/div>\n\t\t\t\t\t\t<\/div>\n\t\t\t\t<\/div>\n\t\t\t\t\t<\/div>\n\t\t<\/div>\n\t\t\t\t\t<\/div>\n\t\t<\/section>\n\t\t\t\t<section class=\"elementor-section elementor-top-section elementor-element elementor-element-15ebccd elementor-section-boxed elementor-section-height-default elementor-section-height-default\" data-id=\"15ebccd\" data-element_type=\"section\" data-e-type=\"section\">\n\t\t\t\t\t\t<div class=\"elementor-container elementor-column-gap-default\">\n\t\t\t\t\t<div class=\"elementor-column elementor-col-100 elementor-top-column elementor-element elementor-element-fca9d14\" data-id=\"fca9d14\" data-element_type=\"column\" data-e-type=\"column\">\n\t\t\t<div class=\"elementor-widget-wrap elementor-element-populated\">\n\t\t\t\t\t\t<div class=\"elementor-element elementor-element-bbce435 elementor-widget elementor-widget-heading\" data-id=\"bbce435\" data-element_type=\"widget\" data-e-type=\"widget\" data-widget_type=\"heading.default\">\n\t\t\t\t<div class=\"elementor-widget-container\">\n\t\t\t\t\t<h2 class=\"elementor-heading-title elementor-size-default\">Questions fr\u00e9quemment pos\u00e9es L'\u00e9t\u00e9 dans la vall\u00e9e d'Aran<\/h2>\t\t\t\t<\/div>\n\t\t\t\t<\/div>\n\t\t\t\t\t<\/div>\n\t\t<\/div>\n\t\t\t\t\t<\/div>\n\t\t<\/section>\n\t\t\t\t<section class=\"elementor-section elementor-top-section elementor-element elementor-element-2b8efad elementor-section-boxed elementor-section-height-default elementor-section-height-default\" data-id=\"2b8efad\" data-element_type=\"section\" data-e-type=\"section\">\n\t\t\t\t\t\t<div class=\"elementor-container elementor-column-gap-default\">\n\t\t\t\t\t<div class=\"elementor-column elementor-col-100 elementor-top-column elementor-element elementor-element-17b4830\" data-id=\"17b4830\" data-element_type=\"column\" data-e-type=\"column\">\n\t\t\t<div class=\"elementor-widget-wrap elementor-element-populated\">\n\t\t\t\t\t\t<div class=\"elementor-element elementor-element-fba2f19 elementor-widget elementor-widget-text-editor\" data-id=\"fba2f19\" data-element_type=\"widget\" data-e-type=\"widget\" data-widget_type=\"text-editor.default\">\n\t\t\t\t<div class=\"elementor-widget-container\">\n\t\t\t\t\t\t\t\t\t<h3 class=\"\"><strong>Que faire avec des enfants dans la Val d&rsquo;Aran en \u00e9t\u00e9 ?<\/strong><\/h3>\n<p class=\"\">La Val d&rsquo;Aran est id\u00e9ale pour des vacances en famille. Il existe des sentiers de randonn\u00e9e faciles et bien balis\u00e9s comme celui de la for\u00eat de Carlac ou l&rsquo;excursion vers le Saut Deth Pish. Vous trouverez \u00e9galement des parcs d&rsquo;aventure en pleine nature, des balades \u00e0 cheval, des circuits cyclables adapt\u00e9s, ainsi que des activit\u00e9s aquatiques s\u00fbres comme le rafting en famille. Vous pouvez aussi visiter l\u2019\u00c9comus\u00e9e de Joanchiquet ou profiter de pique-niques dans des espaces naturels am\u00e9nag\u00e9s.<\/p>\n\n<h3 class=\"\"><strong>Quels v\u00eatements emporter en juillet et ao\u00fbt ?<\/strong><\/h3>\n<p class=\"\">M\u00eame en \u00e9t\u00e9, les temp\u00e9ratures dans la Val d&rsquo;Aran sont plus fra\u00eeches qu&rsquo;ailleurs. En journ\u00e9e, optez pour des v\u00eatements l\u00e9gers pour marcher ou faire du sport, mais le soir, vous aurez besoin de vestes ou pulls. Il est \u00e9galement recommand\u00e9 de prendre un imperm\u00e9able ou coupe-vent, des chaussures de randonn\u00e9e, des lunettes de soleil, une casquette et de la cr\u00e8me solaire, car le soleil de montagne peut \u00eatre intense, m\u00eame avec des nuages.<\/p>\n\n<h3 class=\"\"><strong>Faut-il r\u00e9server les activit\u00e9s \u00e0 l&rsquo;avance ?<\/strong><\/h3>\n<p class=\"\">Oui, surtout en juillet et ao\u00fbt, p\u00e9riode de haute saison. Pour garantir votre place dans les excursions guid\u00e9es, la location de v\u00e9los, les trajets en t\u00e9l\u00e9si\u00e8ge ou les activit\u00e9s d\u2019aventure comme le rafting ou les via ferratas, il est pr\u00e9f\u00e9rable de r\u00e9server en ligne ou de contacter les prestataires \u00e0 l&rsquo;avance. Chez Totiaran, nous pouvons \u00e9galement vous aider \u00e0 organiser toutes ces exp\u00e9riences pour rendre votre s\u00e9jour parfait.<\/p>\n\t\t\t\t\t\t\t\t<\/div>\n\t\t\t\t<\/div>\n\t\t\t\t\t<\/div>\n\t\t<\/div>\n\t\t\t\t\t<\/div>\n\t\t<\/section>\n\t\t\t\t<section class=\"elementor-section elementor-top-section elementor-element elementor-element-49182c77 elementor-section-boxed elementor-section-height-default elementor-section-height-default\" data-id=\"49182c77\" data-element_type=\"section\" data-e-type=\"section\">\n\t\t\t\t\t\t<div class=\"elementor-container elementor-column-gap-default\">\n\t\t\t\t\t<div class=\"elementor-column elementor-col-100 elementor-top-column elementor-element elementor-element-5bc16792\" data-id=\"5bc16792\" data-element_type=\"column\" data-e-type=\"column\">\n\t\t\t<div class=\"elementor-widget-wrap elementor-element-populated\">\n\t\t\t\t\t\t<div class=\"elementor-element elementor-element-2645e49b elementor-widget elementor-widget-shortcode\" data-id=\"2645e49b\" data-element_type=\"widget\" data-e-type=\"widget\" data-widget_type=\"shortcode.default\">\n\t\t\t\t<div class=\"elementor-widget-container\">\n\t\t\t\t\t\t\t<div class=\"elementor-shortcode\">\t\t<div data-elementor-type=\"section\" data-elementor-id=\"3871\" class=\"elementor elementor-3871 elementor-4417 elementor-4417\" data-elementor-post-type=\"elementor_library\">\n\t\t\t\t\t<section class=\"elementor-section elementor-top-section elementor-element elementor-element-4ae4c24c elementor-section-boxed elementor-section-height-default elementor-section-height-default\" data-id=\"4ae4c24c\" data-element_type=\"section\" data-e-type=\"section\">\n\t\t\t\t\t\t<div class=\"elementor-container elementor-column-gap-default\">\n\t\t\t\t\t<div class=\"elementor-column elementor-col-33 elementor-top-column elementor-element elementor-element-42ccf58a\" data-id=\"42ccf58a\" data-element_type=\"column\" data-e-type=\"column\">\n\t\t\t<div class=\"elementor-widget-wrap elementor-element-populated\">\n\t\t\t\t\t\t<div class=\"elementor-element elementor-element-5421b479 elementor-align-center elementor-widget elementor-widget-button\" data-id=\"5421b479\" data-element_type=\"widget\" data-e-type=\"widget\" data-widget_type=\"button.default\">\n\t\t\t\t<div class=\"elementor-widget-container\">\n\t\t\t\t\t\t\t\t\t<div class=\"elementor-button-wrapper\">\n\t\t\t\t\t<a class=\"elementor-button elementor-button-link elementor-size-sm\" href=\"https:\/\/www.totiaranalquilerbaqueira.com\/fr\/location\/locations-baqueira-d1396\/\">\n\t\t\t\t\t\t<span class=\"elementor-button-content-wrapper\">\n\t\t\t\t\t\t\t\t\t<span class=\"elementor-button-text\">Location \u00e0 Baqueira<\/span>\n\t\t\t\t\t<\/span>\n\t\t\t\t\t<\/a>\n\t\t\t\t<\/div>\n\t\t\t\t\t\t\t\t<\/div>\n\t\t\t\t<\/div>\n\t\t\t\t\t<\/div>\n\t\t<\/div>\n\t\t\t\t<div class=\"elementor-column elementor-col-33 elementor-top-column elementor-element elementor-element-1aa96ba\" data-id=\"1aa96ba\" data-element_type=\"column\" data-e-type=\"column\">\n\t\t\t<div class=\"elementor-widget-wrap elementor-element-populated\">\n\t\t\t\t\t\t<div class=\"elementor-element elementor-element-6fe535ec elementor-align-center elementor-widget elementor-widget-button\" data-id=\"6fe535ec\" data-element_type=\"widget\" data-e-type=\"widget\" data-widget_type=\"button.default\">\n\t\t\t\t<div class=\"elementor-widget-container\">\n\t\t\t\t\t\t\t\t\t<div class=\"elementor-button-wrapper\">\n\t\t\t\t\t<a class=\"elementor-button elementor-button-link elementor-size-sm\" href=\"https:\/\/www.totiaranalquilerbaqueira.com\/fr\/location\/locations-baqueira-1500-val-de-ruda-baqueira-n1906304\/\">\n\t\t\t\t\t\t<span class=\"elementor-button-content-wrapper\">\n\t\t\t\t\t\t\t\t\t<span class=\"elementor-button-text\">Location \u00e0 Val de Ruda<\/span>\n\t\t\t\t\t<\/span>\n\t\t\t\t\t<\/a>\n\t\t\t\t<\/div>\n\t\t\t\t\t\t\t\t<\/div>\n\t\t\t\t<\/div>\n\t\t\t\t\t<\/div>\n\t\t<\/div>\n\t\t\t\t<div class=\"elementor-column elementor-col-33 elementor-top-column elementor-element elementor-element-7a16535b\" data-id=\"7a16535b\" data-element_type=\"column\" data-e-type=\"column\">\n\t\t\t<div class=\"elementor-widget-wrap elementor-element-populated\">\n\t\t\t\t\t\t<div class=\"elementor-element elementor-element-3ee5e7f2 elementor-align-center elementor-widget elementor-widget-button\" data-id=\"3ee5e7f2\" data-element_type=\"widget\" data-e-type=\"widget\" data-widget_type=\"button.default\">\n\t\t\t\t<div class=\"elementor-widget-container\">\n\t\t\t\t\t\t\t\t\t<div class=\"elementor-button-wrapper\">\n\t\t\t\t\t<a class=\"elementor-button elementor-button-link elementor-size-sm\" href=\"https:\/\/www.totiaranalquilerbaqueira.com\/fr\/location\/location-locations-u0\/\">\n\t\t\t\t\t\t<span class=\"elementor-button-content-wrapper\">\n\t\t\t\t\t\t\t\t\t<span class=\"elementor-button-text\">Location dans la Vall\u00e9e d'Aran<\/span>\n\t\t\t\t\t<\/span>\n\t\t\t\t\t<\/a>\n\t\t\t\t<\/div>\n\t\t\t\t\t\t\t\t<\/div>\n\t\t\t\t<\/div>\n\t\t\t\t\t<\/div>\n\t\t<\/div>\n\t\t\t\t\t<\/div>\n\t\t<\/section>\n\t\t\t\t<\/div>\n\t\t<\/div>\n\t\t\t\t\t\t<\/div>\n\t\t\t\t<\/div>\n\t\t\t\t\t<\/div>\n\t\t<\/div>\n\t\t\t\t\t<\/div>\n\t\t<\/section>\n\t\t\t\t<\/div>\n\t\t","protected":false},"excerpt":{"rendered":"<p>Activit\u00e9s et sports de montagne, air pur, nourriture d\u00e9licieuse, lacs, rivi\u00e8res, nature, animaux&#8230;. Y a-t-il quelque chose qui manque ?<\/p>\n","protected":false},"author":2,"featured_media":1872,"comment_status":"closed","ping_status":"closed","sticky":false,"template":"","format":"standard","meta":{"footnotes":""},"categories":[45,37],"tags":[],"class_list":["post-5522","post","type-post","status-publish","format-standard","has-post-thumbnail","hentry","category-actividades-en-el-valle-de-aran","category-alojamientos-valle-de-aran"],"yoast_head":"<!-- This site is optimized with the Yoast SEO plugin v27.4 - https:\/\/yoast.com\/product\/yoast-seo-wordpress\/ -->\n<title>10 raisons de venir au Val d&#039;Aran en \u00e9t\u00e9 - Blog<\/title>\n<meta name=\"description\" content=\"Activit\u00e9s et sports de montagne, air pur, nourriture d\u00e9licieuse, lacs, rivi\u00e8res, nature, animaux.... Y a-t-il quelque chose qui manque ?\" \/>\n<meta name=\"robots\" content=\"index, follow, max-snippet:-1, max-image-preview:large, max-video-preview:-1\" \/>\n<link rel=\"canonical\" href=\"https:\/\/www.totiaranalquilerbaqueira.com\/blog\/fr\/10-raisons-de-venir-au-val-daran-en-ete\/\" \/>\n<meta property=\"og:locale\" content=\"fr_FR\" \/>\n<meta property=\"og:type\" content=\"article\" \/>\n<meta property=\"og:title\" content=\"10 raisons de venir au Val d&#039;Aran en \u00e9t\u00e9 - Blog\" \/>\n<meta property=\"og:description\" content=\"Activit\u00e9s et sports de montagne, air pur, nourriture d\u00e9licieuse, lacs, rivi\u00e8res, nature, animaux.... Y a-t-il quelque chose qui manque ?\" \/>\n<meta property=\"og:url\" content=\"https:\/\/www.totiaranalquilerbaqueira.com\/blog\/fr\/10-raisons-de-venir-au-val-daran-en-ete\/\" \/>\n<meta property=\"og:site_name\" content=\"Blog\" \/>\n<meta property=\"article:published_time\" content=\"2025-04-20T09:29:32+00:00\" \/>\n<meta property=\"article:modified_time\" content=\"2025-04-22T14:40:40+00:00\" \/>\n<meta property=\"og:image\" content=\"https:\/\/www.totiaranalquilerbaqueira.com\/blog\/wp-content\/uploads\/2024\/07\/10-razones-para-venir-en-verano-al-valle-de-aran.jpg\" \/>\n\t<meta property=\"og:image:width\" content=\"1920\" \/>\n\t<meta property=\"og:image:height\" content=\"650\" \/>\n\t<meta property=\"og:image:type\" content=\"image\/jpeg\" \/>\n<meta name=\"author\" content=\"digitalservices\" \/>\n<meta name=\"twitter:card\" content=\"summary_large_image\" \/>\n<meta name=\"twitter:label1\" content=\"\u00c9crit par\" \/>\n\t<meta name=\"twitter:data1\" content=\"digitalservices\" \/>\n\t<meta name=\"twitter:label2\" content=\"Dur\u00e9e de lecture estim\u00e9e\" \/>\n\t<meta name=\"twitter:data2\" content=\"11 minutes\" \/>\n<script type=\"application\/ld+json\" class=\"yoast-schema-graph\">{\"@context\":\"https:\\\/\\\/schema.org\",\"@graph\":[{\"@type\":\"Article\",\"@id\":\"https:\\\/\\\/www.totiaranalquilerbaqueira.com\\\/blog\\\/fr\\\/10-raisons-de-venir-au-val-daran-en-ete\\\/#article\",\"isPartOf\":{\"@id\":\"https:\\\/\\\/www.totiaranalquilerbaqueira.com\\\/blog\\\/fr\\\/10-raisons-de-venir-au-val-daran-en-ete\\\/\"},\"author\":{\"name\":\"digitalservices\",\"@id\":\"https:\\\/\\\/www.totiaranalquilerbaqueira.com\\\/blog\\\/fr\\\/#\\\/schema\\\/person\\\/5719c6a420b4471b1e367fc7c20852fc\"},\"headline\":\"10 raisons de venir au Val d&rsquo;Aran en \u00e9t\u00e9\",\"datePublished\":\"2025-04-20T09:29:32+00:00\",\"dateModified\":\"2025-04-22T14:40:40+00:00\",\"mainEntityOfPage\":{\"@id\":\"https:\\\/\\\/www.totiaranalquilerbaqueira.com\\\/blog\\\/fr\\\/10-raisons-de-venir-au-val-daran-en-ete\\\/\"},\"wordCount\":1751,\"publisher\":{\"@id\":\"https:\\\/\\\/www.totiaranalquilerbaqueira.com\\\/blog\\\/fr\\\/#organization\"},\"image\":{\"@id\":\"https:\\\/\\\/www.totiaranalquilerbaqueira.com\\\/blog\\\/fr\\\/10-raisons-de-venir-au-val-daran-en-ete\\\/#primaryimage\"},\"thumbnailUrl\":\"https:\\\/\\\/www.totiaranalquilerbaqueira.com\\\/blog\\\/wp-content\\\/uploads\\\/2024\\\/07\\\/10-razones-para-venir-en-verano-al-valle-de-aran.jpg\",\"articleSection\":[\"Actividades en Valle de Ar\u00e1n\",\"Alojamientos Valle de Ar\u00e1n\"],\"inLanguage\":\"fr-FR\"},{\"@type\":\"WebPage\",\"@id\":\"https:\\\/\\\/www.totiaranalquilerbaqueira.com\\\/blog\\\/fr\\\/10-raisons-de-venir-au-val-daran-en-ete\\\/\",\"url\":\"https:\\\/\\\/www.totiaranalquilerbaqueira.com\\\/blog\\\/fr\\\/10-raisons-de-venir-au-val-daran-en-ete\\\/\",\"name\":\"10 raisons de venir au Val d'Aran en \u00e9t\u00e9 - Blog\",\"isPartOf\":{\"@id\":\"https:\\\/\\\/www.totiaranalquilerbaqueira.com\\\/blog\\\/fr\\\/#website\"},\"primaryImageOfPage\":{\"@id\":\"https:\\\/\\\/www.totiaranalquilerbaqueira.com\\\/blog\\\/fr\\\/10-raisons-de-venir-au-val-daran-en-ete\\\/#primaryimage\"},\"image\":{\"@id\":\"https:\\\/\\\/www.totiaranalquilerbaqueira.com\\\/blog\\\/fr\\\/10-raisons-de-venir-au-val-daran-en-ete\\\/#primaryimage\"},\"thumbnailUrl\":\"https:\\\/\\\/www.totiaranalquilerbaqueira.com\\\/blog\\\/wp-content\\\/uploads\\\/2024\\\/07\\\/10-razones-para-venir-en-verano-al-valle-de-aran.jpg\",\"datePublished\":\"2025-04-20T09:29:32+00:00\",\"dateModified\":\"2025-04-22T14:40:40+00:00\",\"description\":\"Activit\u00e9s et sports de montagne, air pur, nourriture d\u00e9licieuse, lacs, rivi\u00e8res, nature, animaux.... Y a-t-il quelque chose qui manque ?\",\"breadcrumb\":{\"@id\":\"https:\\\/\\\/www.totiaranalquilerbaqueira.com\\\/blog\\\/fr\\\/10-raisons-de-venir-au-val-daran-en-ete\\\/#breadcrumb\"},\"inLanguage\":\"fr-FR\",\"potentialAction\":[{\"@type\":\"ReadAction\",\"target\":[\"https:\\\/\\\/www.totiaranalquilerbaqueira.com\\\/blog\\\/fr\\\/10-raisons-de-venir-au-val-daran-en-ete\\\/\"]}]},{\"@type\":\"ImageObject\",\"inLanguage\":\"fr-FR\",\"@id\":\"https:\\\/\\\/www.totiaranalquilerbaqueira.com\\\/blog\\\/fr\\\/10-raisons-de-venir-au-val-daran-en-ete\\\/#primaryimage\",\"url\":\"https:\\\/\\\/www.totiaranalquilerbaqueira.com\\\/blog\\\/wp-content\\\/uploads\\\/2024\\\/07\\\/10-razones-para-venir-en-verano-al-valle-de-aran.jpg\",\"contentUrl\":\"https:\\\/\\\/www.totiaranalquilerbaqueira.com\\\/blog\\\/wp-content\\\/uploads\\\/2024\\\/07\\\/10-razones-para-venir-en-verano-al-valle-de-aran.jpg\",\"width\":1920,\"height\":650,\"caption\":\"10 razones para venir al valle de Ar\u00e1n en verano\"},{\"@type\":\"BreadcrumbList\",\"@id\":\"https:\\\/\\\/www.totiaranalquilerbaqueira.com\\\/blog\\\/fr\\\/10-raisons-de-venir-au-val-daran-en-ete\\\/#breadcrumb\",\"itemListElement\":[{\"@type\":\"ListItem\",\"position\":1,\"name\":\"Portada\",\"item\":\"https:\\\/\\\/www.totiaranalquilerbaqueira.com\\\/blog\\\/fr\\\/\"},{\"@type\":\"ListItem\",\"position\":2,\"name\":\"10 raisons de venir au Val d&#8217;Aran en \u00e9t\u00e9\"}]},{\"@type\":\"WebSite\",\"@id\":\"https:\\\/\\\/www.totiaranalquilerbaqueira.com\\\/blog\\\/fr\\\/#website\",\"url\":\"https:\\\/\\\/www.totiaranalquilerbaqueira.com\\\/blog\\\/fr\\\/\",\"name\":\"Blog\",\"description\":\"Totiaranalquilerbaqueira\",\"publisher\":{\"@id\":\"https:\\\/\\\/www.totiaranalquilerbaqueira.com\\\/blog\\\/fr\\\/#organization\"},\"potentialAction\":[{\"@type\":\"SearchAction\",\"target\":{\"@type\":\"EntryPoint\",\"urlTemplate\":\"https:\\\/\\\/www.totiaranalquilerbaqueira.com\\\/blog\\\/fr\\\/?s={search_term_string}\"},\"query-input\":{\"@type\":\"PropertyValueSpecification\",\"valueRequired\":true,\"valueName\":\"search_term_string\"}}],\"inLanguage\":\"fr-FR\"},{\"@type\":\"Organization\",\"@id\":\"https:\\\/\\\/www.totiaranalquilerbaqueira.com\\\/blog\\\/fr\\\/#organization\",\"name\":\"Blog\",\"url\":\"https:\\\/\\\/www.totiaranalquilerbaqueira.com\\\/blog\\\/fr\\\/\",\"logo\":{\"@type\":\"ImageObject\",\"inLanguage\":\"fr-FR\",\"@id\":\"https:\\\/\\\/www.totiaranalquilerbaqueira.com\\\/blog\\\/fr\\\/#\\\/schema\\\/logo\\\/image\\\/\",\"url\":\"https:\\\/\\\/www.totiaranalquilerbaqueira.com\\\/blog\\\/wp-content\\\/uploads\\\/2024\\\/08\\\/logo-totiaran-baqueira.png\",\"contentUrl\":\"https:\\\/\\\/www.totiaranalquilerbaqueira.com\\\/blog\\\/wp-content\\\/uploads\\\/2024\\\/08\\\/logo-totiaran-baqueira.png\",\"width\":400,\"height\":84,\"caption\":\"Blog\"},\"image\":{\"@id\":\"https:\\\/\\\/www.totiaranalquilerbaqueira.com\\\/blog\\\/fr\\\/#\\\/schema\\\/logo\\\/image\\\/\"}},{\"@type\":\"Person\",\"@id\":\"https:\\\/\\\/www.totiaranalquilerbaqueira.com\\\/blog\\\/fr\\\/#\\\/schema\\\/person\\\/5719c6a420b4471b1e367fc7c20852fc\",\"name\":\"digitalservices\",\"image\":{\"@type\":\"ImageObject\",\"inLanguage\":\"fr-FR\",\"@id\":\"https:\\\/\\\/secure.gravatar.com\\\/avatar\\\/af30f88a1904294c1f3eb09a9d7903eec4ffa18fa2cf40c28a8681014ecdfc20?s=96&d=mm&r=g\",\"url\":\"https:\\\/\\\/secure.gravatar.com\\\/avatar\\\/af30f88a1904294c1f3eb09a9d7903eec4ffa18fa2cf40c28a8681014ecdfc20?s=96&d=mm&r=g\",\"contentUrl\":\"https:\\\/\\\/secure.gravatar.com\\\/avatar\\\/af30f88a1904294c1f3eb09a9d7903eec4ffa18fa2cf40c28a8681014ecdfc20?s=96&d=mm&r=g\",\"caption\":\"digitalservices\"},\"url\":\"https:\\\/\\\/www.totiaranalquilerbaqueira.com\\\/blog\\\/fr\\\/author\\\/digitalservices\\\/\"}]}<\/script>\n<!-- \/ Yoast SEO plugin. -->","yoast_head_json":{"title":"10 raisons de venir au Val d'Aran en \u00e9t\u00e9 - Blog","description":"Activit\u00e9s et sports de montagne, air pur, nourriture d\u00e9licieuse, lacs, rivi\u00e8res, nature, animaux.... Y a-t-il quelque chose qui manque ?","robots":{"index":"index","follow":"follow","max-snippet":"max-snippet:-1","max-image-preview":"max-image-preview:large","max-video-preview":"max-video-preview:-1"},"canonical":"https:\/\/www.totiaranalquilerbaqueira.com\/blog\/fr\/10-raisons-de-venir-au-val-daran-en-ete\/","og_locale":"fr_FR","og_type":"article","og_title":"10 raisons de venir au Val d'Aran en \u00e9t\u00e9 - Blog","og_description":"Activit\u00e9s et sports de montagne, air pur, nourriture d\u00e9licieuse, lacs, rivi\u00e8res, nature, animaux.... Y a-t-il quelque chose qui manque ?","og_url":"https:\/\/www.totiaranalquilerbaqueira.com\/blog\/fr\/10-raisons-de-venir-au-val-daran-en-ete\/","og_site_name":"Blog","article_published_time":"2025-04-20T09:29:32+00:00","article_modified_time":"2025-04-22T14:40:40+00:00","og_image":[{"width":1920,"height":650,"url":"https:\/\/www.totiaranalquilerbaqueira.com\/blog\/wp-content\/uploads\/2024\/07\/10-razones-para-venir-en-verano-al-valle-de-aran.jpg","type":"image\/jpeg"}],"author":"digitalservices","twitter_card":"summary_large_image","twitter_misc":{"\u00c9crit par":"digitalservices","Dur\u00e9e de lecture estim\u00e9e":"11 minutes"},"schema":{"@context":"https:\/\/schema.org","@graph":[{"@type":"Article","@id":"https:\/\/www.totiaranalquilerbaqueira.com\/blog\/fr\/10-raisons-de-venir-au-val-daran-en-ete\/#article","isPartOf":{"@id":"https:\/\/www.totiaranalquilerbaqueira.com\/blog\/fr\/10-raisons-de-venir-au-val-daran-en-ete\/"},"author":{"name":"digitalservices","@id":"https:\/\/www.totiaranalquilerbaqueira.com\/blog\/fr\/#\/schema\/person\/5719c6a420b4471b1e367fc7c20852fc"},"headline":"10 raisons de venir au Val d&rsquo;Aran en \u00e9t\u00e9","datePublished":"2025-04-20T09:29:32+00:00","dateModified":"2025-04-22T14:40:40+00:00","mainEntityOfPage":{"@id":"https:\/\/www.totiaranalquilerbaqueira.com\/blog\/fr\/10-raisons-de-venir-au-val-daran-en-ete\/"},"wordCount":1751,"publisher":{"@id":"https:\/\/www.totiaranalquilerbaqueira.com\/blog\/fr\/#organization"},"image":{"@id":"https:\/\/www.totiaranalquilerbaqueira.com\/blog\/fr\/10-raisons-de-venir-au-val-daran-en-ete\/#primaryimage"},"thumbnailUrl":"https:\/\/www.totiaranalquilerbaqueira.com\/blog\/wp-content\/uploads\/2024\/07\/10-razones-para-venir-en-verano-al-valle-de-aran.jpg","articleSection":["Actividades en Valle de Ar\u00e1n","Alojamientos Valle de Ar\u00e1n"],"inLanguage":"fr-FR"},{"@type":"WebPage","@id":"https:\/\/www.totiaranalquilerbaqueira.com\/blog\/fr\/10-raisons-de-venir-au-val-daran-en-ete\/","url":"https:\/\/www.totiaranalquilerbaqueira.com\/blog\/fr\/10-raisons-de-venir-au-val-daran-en-ete\/","name":"10 raisons de venir au Val d'Aran en \u00e9t\u00e9 - Blog","isPartOf":{"@id":"https:\/\/www.totiaranalquilerbaqueira.com\/blog\/fr\/#website"},"primaryImageOfPage":{"@id":"https:\/\/www.totiaranalquilerbaqueira.com\/blog\/fr\/10-raisons-de-venir-au-val-daran-en-ete\/#primaryimage"},"image":{"@id":"https:\/\/www.totiaranalquilerbaqueira.com\/blog\/fr\/10-raisons-de-venir-au-val-daran-en-ete\/#primaryimage"},"thumbnailUrl":"https:\/\/www.totiaranalquilerbaqueira.com\/blog\/wp-content\/uploads\/2024\/07\/10-razones-para-venir-en-verano-al-valle-de-aran.jpg","datePublished":"2025-04-20T09:29:32+00:00","dateModified":"2025-04-22T14:40:40+00:00","description":"Activit\u00e9s et sports de montagne, air pur, nourriture d\u00e9licieuse, lacs, rivi\u00e8res, nature, animaux.... Y a-t-il quelque chose qui manque ?","breadcrumb":{"@id":"https:\/\/www.totiaranalquilerbaqueira.com\/blog\/fr\/10-raisons-de-venir-au-val-daran-en-ete\/#breadcrumb"},"inLanguage":"fr-FR","potentialAction":[{"@type":"ReadAction","target":["https:\/\/www.totiaranalquilerbaqueira.com\/blog\/fr\/10-raisons-de-venir-au-val-daran-en-ete\/"]}]},{"@type":"ImageObject","inLanguage":"fr-FR","@id":"https:\/\/www.totiaranalquilerbaqueira.com\/blog\/fr\/10-raisons-de-venir-au-val-daran-en-ete\/#primaryimage","url":"https:\/\/www.totiaranalquilerbaqueira.com\/blog\/wp-content\/uploads\/2024\/07\/10-razones-para-venir-en-verano-al-valle-de-aran.jpg","contentUrl":"https:\/\/www.totiaranalquilerbaqueira.com\/blog\/wp-content\/uploads\/2024\/07\/10-razones-para-venir-en-verano-al-valle-de-aran.jpg","width":1920,"height":650,"caption":"10 razones para venir al valle de Ar\u00e1n en verano"},{"@type":"BreadcrumbList","@id":"https:\/\/www.totiaranalquilerbaqueira.com\/blog\/fr\/10-raisons-de-venir-au-val-daran-en-ete\/#breadcrumb","itemListElement":[{"@type":"ListItem","position":1,"name":"Portada","item":"https:\/\/www.totiaranalquilerbaqueira.com\/blog\/fr\/"},{"@type":"ListItem","position":2,"name":"10 raisons de venir au Val d&#8217;Aran en \u00e9t\u00e9"}]},{"@type":"WebSite","@id":"https:\/\/www.totiaranalquilerbaqueira.com\/blog\/fr\/#website","url":"https:\/\/www.totiaranalquilerbaqueira.com\/blog\/fr\/","name":"Blog","description":"Totiaranalquilerbaqueira","publisher":{"@id":"https:\/\/www.totiaranalquilerbaqueira.com\/blog\/fr\/#organization"},"potentialAction":[{"@type":"SearchAction","target":{"@type":"EntryPoint","urlTemplate":"https:\/\/www.totiaranalquilerbaqueira.com\/blog\/fr\/?s={search_term_string}"},"query-input":{"@type":"PropertyValueSpecification","valueRequired":true,"valueName":"search_term_string"}}],"inLanguage":"fr-FR"},{"@type":"Organization","@id":"https:\/\/www.totiaranalquilerbaqueira.com\/blog\/fr\/#organization","name":"Blog","url":"https:\/\/www.totiaranalquilerbaqueira.com\/blog\/fr\/","logo":{"@type":"ImageObject","inLanguage":"fr-FR","@id":"https:\/\/www.totiaranalquilerbaqueira.com\/blog\/fr\/#\/schema\/logo\/image\/","url":"https:\/\/www.totiaranalquilerbaqueira.com\/blog\/wp-content\/uploads\/2024\/08\/logo-totiaran-baqueira.png","contentUrl":"https:\/\/www.totiaranalquilerbaqueira.com\/blog\/wp-content\/uploads\/2024\/08\/logo-totiaran-baqueira.png","width":400,"height":84,"caption":"Blog"},"image":{"@id":"https:\/\/www.totiaranalquilerbaqueira.com\/blog\/fr\/#\/schema\/logo\/image\/"}},{"@type":"Person","@id":"https:\/\/www.totiaranalquilerbaqueira.com\/blog\/fr\/#\/schema\/person\/5719c6a420b4471b1e367fc7c20852fc","name":"digitalservices","image":{"@type":"ImageObject","inLanguage":"fr-FR","@id":"https:\/\/secure.gravatar.com\/avatar\/af30f88a1904294c1f3eb09a9d7903eec4ffa18fa2cf40c28a8681014ecdfc20?s=96&d=mm&r=g","url":"https:\/\/secure.gravatar.com\/avatar\/af30f88a1904294c1f3eb09a9d7903eec4ffa18fa2cf40c28a8681014ecdfc20?s=96&d=mm&r=g","contentUrl":"https:\/\/secure.gravatar.com\/avatar\/af30f88a1904294c1f3eb09a9d7903eec4ffa18fa2cf40c28a8681014ecdfc20?s=96&d=mm&r=g","caption":"digitalservices"},"url":"https:\/\/www.totiaranalquilerbaqueira.com\/blog\/fr\/author\/digitalservices\/"}]}},"_links":{"self":[{"href":"https:\/\/www.totiaranalquilerbaqueira.com\/blog\/fr\/wp-json\/wp\/v2\/posts\/5522","targetHints":{"allow":["GET"]}}],"collection":[{"href":"https:\/\/www.totiaranalquilerbaqueira.com\/blog\/fr\/wp-json\/wp\/v2\/posts"}],"about":[{"href":"https:\/\/www.totiaranalquilerbaqueira.com\/blog\/fr\/wp-json\/wp\/v2\/types\/post"}],"author":[{"embeddable":true,"href":"https:\/\/www.totiaranalquilerbaqueira.com\/blog\/fr\/wp-json\/wp\/v2\/users\/2"}],"replies":[{"embeddable":true,"href":"https:\/\/www.totiaranalquilerbaqueira.com\/blog\/fr\/wp-json\/wp\/v2\/comments?post=5522"}],"version-history":[{"count":5,"href":"https:\/\/www.totiaranalquilerbaqueira.com\/blog\/fr\/wp-json\/wp\/v2\/posts\/5522\/revisions"}],"predecessor-version":[{"id":5528,"href":"https:\/\/www.totiaranalquilerbaqueira.com\/blog\/fr\/wp-json\/wp\/v2\/posts\/5522\/revisions\/5528"}],"wp:featuredmedia":[{"embeddable":true,"href":"https:\/\/www.totiaranalquilerbaqueira.com\/blog\/fr\/wp-json\/wp\/v2\/media\/1872"}],"wp:attachment":[{"href":"https:\/\/www.totiaranalquilerbaqueira.com\/blog\/fr\/wp-json\/wp\/v2\/media?parent=5522"}],"wp:term":[{"taxonomy":"category","embeddable":true,"href":"https:\/\/www.totiaranalquilerbaqueira.com\/blog\/fr\/wp-json\/wp\/v2\/categories?post=5522"},{"taxonomy":"post_tag","embeddable":true,"href":"https:\/\/www.totiaranalquilerbaqueira.com\/blog\/fr\/wp-json\/wp\/v2\/tags?post=5522"}],"curies":[{"name":"wp","href":"https:\/\/api.w.org\/{rel}","templated":true}]}}