{"id":4124,"date":"2024-09-20T07:03:17","date_gmt":"2024-09-20T07:03:17","guid":{"rendered":"https:\/\/www.totiaranalquilerbaqueira.com\/blog\/?p=4124"},"modified":"2024-10-23T08:12:49","modified_gmt":"2024-10-23T08:12:49","slug":"aiguestortes-i-estany-de-sant-maurici-national-park","status":"publish","type":"post","link":"https:\/\/www.totiaranalquilerbaqueira.com\/blog\/en\/aiguestortes-i-estany-de-sant-maurici-national-park\/","title":{"rendered":"Nature in Its Purest Form: Aig\u00fcestortes i Estany de Sant Maurici National Park"},"content":{"rendered":"\t\t<div data-elementor-type=\"wp-post\" data-elementor-id=\"4124\" class=\"elementor elementor-4124 elementor-4014\" data-elementor-post-type=\"post\">\n\t\t\t\t\t\t<section class=\"elementor-section elementor-top-section elementor-element elementor-element-236efa02 elementor-section-boxed elementor-section-height-default elementor-section-height-default\" data-id=\"236efa02\" data-element_type=\"section\" data-e-type=\"section\">\n\t\t\t\t\t\t<div class=\"elementor-container elementor-column-gap-default\">\n\t\t\t\t\t<div class=\"elementor-column elementor-col-100 elementor-top-column elementor-element elementor-element-71c8e2dc\" data-id=\"71c8e2dc\" data-element_type=\"column\" data-e-type=\"column\">\n\t\t\t<div class=\"elementor-widget-wrap elementor-element-populated\">\n\t\t\t\t\t\t<div class=\"elementor-element elementor-element-1b874bbd elementor-widget elementor-widget-text-editor\" data-id=\"1b874bbd\" data-element_type=\"widget\" data-e-type=\"widget\" data-widget_type=\"text-editor.default\">\n\t\t\t\t<div class=\"elementor-widget-container\">\n\t\t\t\t\t\t\t\t\t<p>Visiting a national park is an incredible experience: the breathtaking landscapes, the power of nature, the fresh air, and the sense of tranquillity are indescribable. That\u2019s why visiting the Aig\u00fcestortes i Estany de Sant Maurici National Park is something you should do at least once in your lifetime. This national park is undoubtedly one of the most beautiful in the country, and visiting it will create memories you\u2019ll cherish forever.<\/p><p>In this article, we\u2019ll tell you everything you need to know to plan your trip to Catalonia\u2019s only national park: where it\u2019s located, how to get there, the main hiking routes available, and the best time to visit. Keep reading to also discover the best accommodations in the Pyrenees.<\/p>\t\t\t\t\t\t\t\t<\/div>\n\t\t\t\t<\/div>\n\t\t\t\t\t<\/div>\n\t\t<\/div>\n\t\t\t\t\t<\/div>\n\t\t<\/section>\n\t\t\t\t<section class=\"elementor-section elementor-top-section elementor-element elementor-element-32b0e3f elementor-section-boxed elementor-section-height-default elementor-section-height-default\" data-id=\"32b0e3f\" data-element_type=\"section\" data-e-type=\"section\">\n\t\t\t\t\t\t<div class=\"elementor-container elementor-column-gap-default\">\n\t\t\t\t\t<div class=\"elementor-column elementor-col-100 elementor-top-column elementor-element elementor-element-4730eb6\" data-id=\"4730eb6\" data-element_type=\"column\" data-e-type=\"column\">\n\t\t\t<div class=\"elementor-widget-wrap elementor-element-populated\">\n\t\t\t\t\t\t<div class=\"elementor-element elementor-element-36c41d3b elementor-widget elementor-widget-table-of-contents\" data-id=\"36c41d3b\" data-element_type=\"widget\" data-e-type=\"widget\" data-settings=\"{&quot;headings_by_tags&quot;:[&quot;h2&quot;],&quot;exclude_headings_by_selector&quot;:[],&quot;marker_view&quot;:&quot;bullets&quot;,&quot;icon&quot;:{&quot;value&quot;:&quot;&quot;,&quot;library&quot;:&quot;&quot;},&quot;no_headings_message&quot;:&quot;No headings were found on this page.&quot;,&quot;hierarchical_view&quot;:&quot;yes&quot;,&quot;min_height&quot;:{&quot;unit&quot;:&quot;px&quot;,&quot;size&quot;:&quot;&quot;,&quot;sizes&quot;:[]},&quot;min_height_tablet&quot;:{&quot;unit&quot;:&quot;px&quot;,&quot;size&quot;:&quot;&quot;,&quot;sizes&quot;:[]},&quot;min_height_mobile&quot;:{&quot;unit&quot;:&quot;px&quot;,&quot;size&quot;:&quot;&quot;,&quot;sizes&quot;:[]}}\" data-widget_type=\"table-of-contents.default\">\n\t\t\t\t<div class=\"elementor-widget-container\">\n\t\t\t\t\t\t\t\t\t<div class=\"elementor-toc__header\">\n\t\t\t\t\t\t<div class=\"elementor-toc__header-title\">\n\t\t\t\tTable of Contents\t\t\t<\/div>\n\t\t\t\t\t\t\t\t<\/div>\n\t\t\t\t<div id=\"elementor-toc__36c41d3b\" class=\"elementor-toc__body\">\n\t\t\t<div class=\"elementor-toc__spinner-container\">\n\t\t\t\t<i class=\"elementor-toc__spinner eicon-animation-spin eicon-loading\" aria-hidden=\"true\"><\/i>\t\t\t<\/div>\n\t\t<\/div>\n\t\t\t\t\t\t<\/div>\n\t\t\t\t<\/div>\n\t\t\t\t\t<\/div>\n\t\t<\/div>\n\t\t\t\t\t<\/div>\n\t\t<\/section>\n\t\t\t\t<section class=\"elementor-section elementor-top-section elementor-element elementor-element-4635f072 elementor-section-boxed elementor-section-height-default elementor-section-height-default\" data-id=\"4635f072\" data-element_type=\"section\" data-e-type=\"section\">\n\t\t\t\t\t\t<div class=\"elementor-container elementor-column-gap-default\">\n\t\t\t\t\t<div class=\"elementor-column elementor-col-100 elementor-top-column elementor-element elementor-element-7d936ded\" data-id=\"7d936ded\" data-element_type=\"column\" data-e-type=\"column\">\n\t\t\t<div class=\"elementor-widget-wrap elementor-element-populated\">\n\t\t\t\t\t\t<div class=\"elementor-element elementor-element-42eed53a elementor-widget elementor-widget-heading\" data-id=\"42eed53a\" data-element_type=\"widget\" data-e-type=\"widget\" data-widget_type=\"heading.default\">\n\t\t\t\t<div class=\"elementor-widget-container\">\n\t\t\t\t\t<h2 class=\"elementor-heading-title elementor-size-default\">Where is the Parc Nacional d'Aig\u00fcestortes i Estany de Sant Maurici?<\/h2>\t\t\t\t<\/div>\n\t\t\t\t<\/div>\n\t\t\t\t<div class=\"elementor-element elementor-element-43d24a63 elementor-widget elementor-widget-text-editor\" data-id=\"43d24a63\" data-element_type=\"widget\" data-e-type=\"widget\" data-widget_type=\"text-editor.default\">\n\t\t\t\t<div class=\"elementor-widget-container\">\n\t\t\t\t\t\t\t\t\t<p>The Aig\u00fcestortes i Estany de Sant Maurici National Park is located in the westernmost part of the Catalan Pyrenees, in the province of Lleida, specifically spanning four regions: Alta Ribagor\u00e7a, Pallars Sobir\u00e0, Pallars Juss\u00e0, and the Val d\u2019Aran. In terms of proximity to key points, the French border is less than 100 km away; Lleida is just over a 2-hour drive; Barcelona is less than a 4-hour drive; Pico Aneto is under 2 hours by car; and the Baqueira-Beret ski resort is approximately 1.5 hours away.<\/p><p>At the end of the article, you\u2019ll find a map showing the location of the Aig\u00fcestortes i Estany de Sant Maurici National Park.<\/p>\t\t\t\t\t\t\t\t<\/div>\n\t\t\t\t<\/div>\n\t\t\t\t\t<\/div>\n\t\t<\/div>\n\t\t\t\t\t<\/div>\n\t\t<\/section>\n\t\t\t\t<section class=\"elementor-section elementor-top-section elementor-element elementor-element-a46a932 elementor-section-boxed elementor-section-height-default elementor-section-height-default\" data-id=\"a46a932\" data-element_type=\"section\" data-e-type=\"section\">\n\t\t\t\t\t\t<div class=\"elementor-container elementor-column-gap-default\">\n\t\t\t\t\t<div class=\"elementor-column elementor-col-100 elementor-top-column elementor-element elementor-element-dad6289\" data-id=\"dad6289\" data-element_type=\"column\" data-e-type=\"column\">\n\t\t\t<div class=\"elementor-widget-wrap elementor-element-populated\">\n\t\t\t\t\t\t<div class=\"elementor-element elementor-element-9ebb6e4 elementor-widget elementor-widget-heading\" data-id=\"9ebb6e4\" data-element_type=\"widget\" data-e-type=\"widget\" data-widget_type=\"heading.default\">\n\t\t\t\t<div class=\"elementor-widget-container\">\n\t\t\t\t\t<h2 class=\"elementor-heading-title elementor-size-default\">Must-do hiking routes in Aig\u00fcestortes<\/h2>\t\t\t\t<\/div>\n\t\t\t\t<\/div>\n\t\t\t\t<div class=\"elementor-element elementor-element-f547ab2 elementor-widget elementor-widget-text-editor\" data-id=\"f547ab2\" data-element_type=\"widget\" data-e-type=\"widget\" data-widget_type=\"text-editor.default\">\n\t\t\t\t<div class=\"elementor-widget-container\">\n\t\t\t\t\t\t\t\t\t<p>The main hiking routes in the Aig\u00fcestortes i Estany de Sant Maurici National Park are mostly of moderate to difficult difficulty, making them best suited for those with some experience and good physical fitness. However, there are also easier routes available, including some designed for people with reduced mobility. Here, we\u2019ll discuss a few of them:<\/p>\t\t\t\t\t\t\t\t<\/div>\n\t\t\t\t<\/div>\n\t\t\t\t\t<\/div>\n\t\t<\/div>\n\t\t\t\t\t<\/div>\n\t\t<\/section>\n\t\t\t\t<section class=\"elementor-section elementor-top-section elementor-element elementor-element-88747bf elementor-section-boxed elementor-section-height-default elementor-section-height-default\" data-id=\"88747bf\" data-element_type=\"section\" data-e-type=\"section\">\n\t\t\t\t\t\t<div class=\"elementor-container elementor-column-gap-default\">\n\t\t\t\t\t<div class=\"elementor-column elementor-col-33 elementor-top-column elementor-element elementor-element-9f49940\" data-id=\"9f49940\" data-element_type=\"column\" data-e-type=\"column\">\n\t\t\t<div class=\"elementor-widget-wrap elementor-element-populated\">\n\t\t\t\t\t\t<div class=\"elementor-element elementor-element-6602d1ed elementor-widget elementor-widget-heading\" data-id=\"6602d1ed\" data-element_type=\"widget\" data-e-type=\"widget\" data-widget_type=\"heading.default\">\n\t\t\t\t<div class=\"elementor-widget-container\">\n\t\t\t\t\t<h3 class=\"elementor-heading-title elementor-size-default\">Estany de Sant Maurici - Amitges - Obagues de Ratera Route\n<\/h3>\t\t\t\t<\/div>\n\t\t\t\t<\/div>\n\t\t\t\t<div class=\"elementor-element elementor-element-b284d0d elementor-widget elementor-widget-text-editor\" data-id=\"b284d0d\" data-element_type=\"widget\" data-e-type=\"widget\" data-widget_type=\"text-editor.default\">\n\t\t\t\t<div class=\"elementor-widget-container\">\n\t\t\t\t\t\t\t\t\t<p>This is a circular route of about 17 km, with an average completion time of 5 hours and 55 minutes, making it a challenging hike. It\u2019s one of the most popular and highly rated routes in the park, perfect for tackling during the summer months.<\/p>\t\t\t\t\t\t\t\t<\/div>\n\t\t\t\t<\/div>\n\t\t\t\t\t<\/div>\n\t\t<\/div>\n\t\t\t\t<div class=\"elementor-column elementor-col-33 elementor-top-column elementor-element elementor-element-6bb14ed\" data-id=\"6bb14ed\" data-element_type=\"column\" data-e-type=\"column\">\n\t\t\t<div class=\"elementor-widget-wrap elementor-element-populated\">\n\t\t\t\t\t\t<div class=\"elementor-element elementor-element-89116e2 elementor-widget elementor-widget-heading\" data-id=\"89116e2\" data-element_type=\"widget\" data-e-type=\"widget\" data-widget_type=\"heading.default\">\n\t\t\t\t<div class=\"elementor-widget-container\">\n\t\t\t\t\t<h3 class=\"elementor-heading-title elementor-size-default\">Ruta de la Marmota<\/h3>\t\t\t\t<\/div>\n\t\t\t\t<\/div>\n\t\t\t\t<div class=\"elementor-element elementor-element-23d0204 elementor-widget elementor-widget-text-editor\" data-id=\"23d0204\" data-element_type=\"widget\" data-e-type=\"widget\" data-widget_type=\"text-editor.default\">\n\t\t\t\t<div class=\"elementor-widget-container\">\n\t\t\t\t\t\t\t\t\t<p>It\u2019s a 12 km out-and-back route, also considered difficult, with an average completion time of 4 hours and 15 minutes. It&#8217;s best done in spring or summer, and it\u2019s a very popular route where you\u2019re likely to encounter several other hikers.<\/p>\t\t\t\t\t\t\t\t<\/div>\n\t\t\t\t<\/div>\n\t\t\t\t\t<\/div>\n\t\t<\/div>\n\t\t\t\t<div class=\"elementor-column elementor-col-33 elementor-top-column elementor-element elementor-element-2395c41\" data-id=\"2395c41\" data-element_type=\"column\" data-e-type=\"column\">\n\t\t\t<div class=\"elementor-widget-wrap elementor-element-populated\">\n\t\t\t\t\t\t<div class=\"elementor-element elementor-element-b8bc600 elementor-widget elementor-widget-heading\" data-id=\"b8bc600\" data-element_type=\"widget\" data-e-type=\"widget\" data-widget_type=\"heading.default\">\n\t\t\t\t<div class=\"elementor-widget-container\">\n\t\t\t\t\t<h3 class=\"elementor-heading-title elementor-size-default\">Camino del Estany de Sant Maurici<\/h3>\t\t\t\t<\/div>\n\t\t\t\t<\/div>\n\t\t\t\t<div class=\"elementor-element elementor-element-d3fe056 elementor-widget elementor-widget-text-editor\" data-id=\"d3fe056\" data-element_type=\"widget\" data-e-type=\"widget\" data-widget_type=\"text-editor.default\">\n\t\t\t\t<div class=\"elementor-widget-container\">\n\t\t\t\t\t\t\t\t\t<p>This is a more moderate route, covering nearly 8 km with an average completion time of 2 hours and 20 minutes. It\u2019s perfect for summer and ideal for those who aren\u2019t looking for a physical challenge or complicated routes.<\/p>\t\t\t\t\t\t\t\t<\/div>\n\t\t\t\t<\/div>\n\t\t\t\t\t<\/div>\n\t\t<\/div>\n\t\t\t\t\t<\/div>\n\t\t<\/section>\n\t\t\t\t<section class=\"elementor-section elementor-top-section elementor-element elementor-element-90268a3 elementor-section-boxed elementor-section-height-default elementor-section-height-default\" data-id=\"90268a3\" data-element_type=\"section\" data-e-type=\"section\">\n\t\t\t\t\t\t<div class=\"elementor-container elementor-column-gap-default\">\n\t\t\t\t\t<div class=\"elementor-column elementor-col-100 elementor-top-column elementor-element elementor-element-accd46a\" data-id=\"accd46a\" data-element_type=\"column\" data-e-type=\"column\">\n\t\t\t<div class=\"elementor-widget-wrap elementor-element-populated\">\n\t\t\t\t\t\t<div class=\"elementor-element elementor-element-48f9015 elementor-widget elementor-widget-image\" data-id=\"48f9015\" data-element_type=\"widget\" data-e-type=\"widget\" data-widget_type=\"image.default\">\n\t\t\t\t<div class=\"elementor-widget-container\">\n\t\t\t\t\t\t\t\t\t\t\t\t\t\t\t<img fetchpriority=\"high\" decoding=\"async\" width=\"1260\" height=\"630\" src=\"https:\/\/www.totiaranalquilerbaqueira.com\/blog\/wp-content\/uploads\/2024\/09\/Parc-nacional-daiguestortes-i-estany-de-sant-maurici-ruta.jpg\" class=\"attachment-full size-full wp-image-4064\" alt=\"Parc-nacional-aiguestortes-i-estany-de-sant-maurici-ruta\" srcset=\"https:\/\/www.totiaranalquilerbaqueira.com\/blog\/wp-content\/uploads\/2024\/09\/Parc-nacional-daiguestortes-i-estany-de-sant-maurici-ruta.jpg 1260w, https:\/\/www.totiaranalquilerbaqueira.com\/blog\/wp-content\/uploads\/2024\/09\/Parc-nacional-daiguestortes-i-estany-de-sant-maurici-ruta-300x150.jpg 300w, https:\/\/www.totiaranalquilerbaqueira.com\/blog\/wp-content\/uploads\/2024\/09\/Parc-nacional-daiguestortes-i-estany-de-sant-maurici-ruta-1024x512.jpg 1024w, https:\/\/www.totiaranalquilerbaqueira.com\/blog\/wp-content\/uploads\/2024\/09\/Parc-nacional-daiguestortes-i-estany-de-sant-maurici-ruta-768x384.jpg 768w\" sizes=\"(max-width: 1260px) 100vw, 1260px\" \/>\t\t\t\t\t\t\t\t\t\t\t\t\t\t\t<\/div>\n\t\t\t\t<\/div>\n\t\t\t\t\t<\/div>\n\t\t<\/div>\n\t\t\t\t\t<\/div>\n\t\t<\/section>\n\t\t\t\t<section class=\"elementor-section elementor-top-section elementor-element elementor-element-d6a894e elementor-section-boxed elementor-section-height-default elementor-section-height-default\" data-id=\"d6a894e\" data-element_type=\"section\" data-e-type=\"section\">\n\t\t\t\t\t\t<div class=\"elementor-container elementor-column-gap-default\">\n\t\t\t\t\t<div class=\"elementor-column elementor-col-100 elementor-top-column elementor-element elementor-element-dece822\" data-id=\"dece822\" data-element_type=\"column\" data-e-type=\"column\">\n\t\t\t<div class=\"elementor-widget-wrap elementor-element-populated\">\n\t\t\t\t\t\t<div class=\"elementor-element elementor-element-8bbccaa elementor-widget elementor-widget-heading\" data-id=\"8bbccaa\" data-element_type=\"widget\" data-e-type=\"widget\" data-widget_type=\"heading.default\">\n\t\t\t\t<div class=\"elementor-widget-container\">\n\t\t\t\t\t<h2 class=\"elementor-heading-title elementor-size-default\">El Estany Sant Maurici<\/h2>\t\t\t\t<\/div>\n\t\t\t\t<\/div>\n\t\t\t\t<div class=\"elementor-element elementor-element-ea4d4f0 elementor-widget elementor-widget-text-editor\" data-id=\"ea4d4f0\" data-element_type=\"widget\" data-e-type=\"widget\" data-widget_type=\"text-editor.default\">\n\t\t\t\t<div class=\"elementor-widget-container\">\n\t\t\t\t\t\t\t\t\t<p>Lake San Mauricio is a mandatory stop on any visit to the Aig\u00fcestortes i Estany de Sant Maurici National Park. With its 37 hectares of crystal-clear water, the lake perfectly reflects the surrounding mountains, such as Punta Alta, Montardo, and Tuc de Ratera. It\u2019s a fantastic spot to relax, take in the views, and snap some photos that will undoubtedly make others envious. After reaching this point via one of the Estany de Sant Maurici routes, you can enjoy various leisure activities, such as boat rides, fishing, or lounging on one of the lake&#8217;s small beaches. Another great idea is to have a picnic with friends or family while taking in the natural spectacle of the Pyrenees.<\/p>\t\t\t\t\t\t\t\t<\/div>\n\t\t\t\t<\/div>\n\t\t\t\t\t<\/div>\n\t\t<\/div>\n\t\t\t\t\t<\/div>\n\t\t<\/section>\n\t\t\t\t<section class=\"elementor-section elementor-top-section elementor-element elementor-element-c26fe9c elementor-section-boxed elementor-section-height-default elementor-section-height-default\" data-id=\"c26fe9c\" data-element_type=\"section\" data-e-type=\"section\">\n\t\t\t\t\t\t<div class=\"elementor-container elementor-column-gap-default\">\n\t\t\t\t\t<div class=\"elementor-column elementor-col-100 elementor-top-column elementor-element elementor-element-5a3bc0b\" data-id=\"5a3bc0b\" data-element_type=\"column\" data-e-type=\"column\">\n\t\t\t<div class=\"elementor-widget-wrap elementor-element-populated\">\n\t\t\t\t\t\t<div class=\"elementor-element elementor-element-f9b8f8b elementor-widget elementor-widget-heading\" data-id=\"f9b8f8b\" data-element_type=\"widget\" data-e-type=\"widget\" data-widget_type=\"heading.default\">\n\t\t\t\t<div class=\"elementor-widget-container\">\n\t\t\t\t\t<h2 class=\"elementor-heading-title elementor-size-default\">When to visit the park<\/h2>\t\t\t\t<\/div>\n\t\t\t\t<\/div>\n\t\t\t\t<div class=\"elementor-element elementor-element-fa71c5d elementor-widget elementor-widget-text-editor\" data-id=\"fa71c5d\" data-element_type=\"widget\" data-e-type=\"widget\" data-widget_type=\"text-editor.default\">\n\t\t\t\t<div class=\"elementor-widget-container\">\n\t\t\t\t\t\t\t\t\t<p>As long as weather conditions are favourable, you can visit the Aig\u00fcestortes i Estany de Sant Maurici National Park at any time of the year. However, it\u2019s important to note that during the winter months, the presence of snow can make access to the higher areas more challenging, requiring extra caution both in preparation and during your visit to the park. Weather conditions can change drastically during the colder season, so it\u2019s essential to be prepared with appropriate clothing for rain and sturdy hiking boots.<\/p>\t\t\t\t\t\t\t\t<\/div>\n\t\t\t\t<\/div>\n\t\t\t\t\t<\/div>\n\t\t<\/div>\n\t\t\t\t\t<\/div>\n\t\t<\/section>\n\t\t\t\t<section class=\"elementor-section elementor-top-section elementor-element elementor-element-3142d84 elementor-section-boxed elementor-section-height-default elementor-section-height-default\" data-id=\"3142d84\" data-element_type=\"section\" data-e-type=\"section\">\n\t\t\t\t\t\t<div class=\"elementor-container elementor-column-gap-default\">\n\t\t\t\t\t<div class=\"elementor-column elementor-col-100 elementor-top-column elementor-element elementor-element-5cf4580\" data-id=\"5cf4580\" data-element_type=\"column\" data-e-type=\"column\">\n\t\t\t<div class=\"elementor-widget-wrap elementor-element-populated\">\n\t\t\t\t\t\t<div class=\"elementor-element elementor-element-133baab elementor-widget elementor-widget-image\" data-id=\"133baab\" data-element_type=\"widget\" data-e-type=\"widget\" data-widget_type=\"image.default\">\n\t\t\t\t<div class=\"elementor-widget-container\">\n\t\t\t\t\t\t\t\t\t\t\t\t\t\t\t<img decoding=\"async\" width=\"1254\" height=\"627\" src=\"https:\/\/www.totiaranalquilerbaqueira.com\/blog\/wp-content\/uploads\/2024\/09\/Parc-nacional-daiguestortes-i-estany-de-sant-maurici-lago.jpg\" class=\"attachment-full size-full wp-image-4067\" alt=\"Parc-nacional-aiguestortes-i-estany-de-sant-maurici-lago\" srcset=\"https:\/\/www.totiaranalquilerbaqueira.com\/blog\/wp-content\/uploads\/2024\/09\/Parc-nacional-daiguestortes-i-estany-de-sant-maurici-lago.jpg 1254w, https:\/\/www.totiaranalquilerbaqueira.com\/blog\/wp-content\/uploads\/2024\/09\/Parc-nacional-daiguestortes-i-estany-de-sant-maurici-lago-300x150.jpg 300w, https:\/\/www.totiaranalquilerbaqueira.com\/blog\/wp-content\/uploads\/2024\/09\/Parc-nacional-daiguestortes-i-estany-de-sant-maurici-lago-1024x512.jpg 1024w, https:\/\/www.totiaranalquilerbaqueira.com\/blog\/wp-content\/uploads\/2024\/09\/Parc-nacional-daiguestortes-i-estany-de-sant-maurici-lago-768x384.jpg 768w\" sizes=\"(max-width: 1254px) 100vw, 1254px\" \/>\t\t\t\t\t\t\t\t\t\t\t\t\t\t\t<\/div>\n\t\t\t\t<\/div>\n\t\t\t\t\t<\/div>\n\t\t<\/div>\n\t\t\t\t\t<\/div>\n\t\t<\/section>\n\t\t\t\t<section class=\"elementor-section elementor-top-section elementor-element elementor-element-a0276a9 elementor-section-boxed elementor-section-height-default elementor-section-height-default\" data-id=\"a0276a9\" data-element_type=\"section\" data-e-type=\"section\">\n\t\t\t\t\t\t<div class=\"elementor-container elementor-column-gap-default\">\n\t\t\t\t\t<div class=\"elementor-column elementor-col-100 elementor-top-column elementor-element elementor-element-2428a37\" data-id=\"2428a37\" data-element_type=\"column\" data-e-type=\"column\">\n\t\t\t<div class=\"elementor-widget-wrap elementor-element-populated\">\n\t\t\t\t\t\t<div class=\"elementor-element elementor-element-702da72 elementor-widget elementor-widget-heading\" data-id=\"702da72\" data-element_type=\"widget\" data-e-type=\"widget\" data-widget_type=\"heading.default\">\n\t\t\t\t<div class=\"elementor-widget-container\">\n\t\t\t\t\t<h2 class=\"elementor-heading-title elementor-size-default\">How to get here and tips for your arrival<\/h2>\t\t\t\t<\/div>\n\t\t\t\t<\/div>\n\t\t\t\t<div class=\"elementor-element elementor-element-12f2353 elementor-widget elementor-widget-text-editor\" data-id=\"12f2353\" data-element_type=\"widget\" data-e-type=\"widget\" data-widget_type=\"text-editor.default\">\n\t\t\t\t<div class=\"elementor-widget-container\">\n\t\t\t\t\t\t\t\t\t<p>As long as weather conditions are favourable, you can visit Aig\u00fcestortes i Estany de Sant Maurici National Park at any time of year. However, it\u2019s important to note that during the winter months, snow can make access to higher areas more challenging, requiring extra caution both in preparation and during your visit. Weather conditions can change dramatically in the colder season, so it\u2019s essential to be well-prepared with appropriate rain gear and sturdy hiking boots.<\/p>\t\t\t\t\t\t\t\t<\/div>\n\t\t\t\t<\/div>\n\t\t\t\t\t<\/div>\n\t\t<\/div>\n\t\t\t\t\t<\/div>\n\t\t<\/section>\n\t\t\t\t<section class=\"elementor-section elementor-top-section elementor-element elementor-element-c462f86 elementor-section-boxed elementor-section-height-default elementor-section-height-default\" data-id=\"c462f86\" data-element_type=\"section\" data-e-type=\"section\">\n\t\t\t\t\t\t<div class=\"elementor-container elementor-column-gap-default\">\n\t\t\t\t\t<div class=\"elementor-column elementor-col-50 elementor-top-column elementor-element elementor-element-4a346b5\" data-id=\"4a346b5\" data-element_type=\"column\" data-e-type=\"column\">\n\t\t\t<div class=\"elementor-widget-wrap elementor-element-populated\">\n\t\t\t\t\t\t<div class=\"elementor-element elementor-element-e8088aa elementor-widget elementor-widget-google_maps\" data-id=\"e8088aa\" data-element_type=\"widget\" data-e-type=\"widget\" data-widget_type=\"google_maps.default\">\n\t\t\t\t<div class=\"elementor-widget-container\">\n\t\t\t\t\t\t\t<div class=\"elementor-custom-embed\">\n\t\t\t<iframe loading=\"lazy\"\n\t\t\t\t\tsrc=\"https:\/\/maps.google.com\/maps?q=Parque%20Nacional%20de%20Aig%C3%BCestortes%20y%20Estany%20de%20Sant%20Maurici&#038;t=m&#038;z=12&#038;output=embed&#038;iwloc=near\"\n\t\t\t\t\ttitle=\"Parque Nacional de Aig\u00fcestortes y Estany de Sant Maurici\"\n\t\t\t\t\taria-label=\"Parque Nacional de Aig\u00fcestortes y Estany de Sant Maurici\"\n\t\t\t><\/iframe>\n\t\t<\/div>\n\t\t\t\t\t\t<\/div>\n\t\t\t\t<\/div>\n\t\t\t\t\t<\/div>\n\t\t<\/div>\n\t\t\t\t<div class=\"elementor-column elementor-col-50 elementor-top-column elementor-element elementor-element-a7f77d9\" data-id=\"a7f77d9\" data-element_type=\"column\" data-e-type=\"column\">\n\t\t\t<div class=\"elementor-widget-wrap elementor-element-populated\">\n\t\t\t\t\t\t<div class=\"elementor-element elementor-element-38f6ed4 elementor-blockquote--skin-border elementor-widget elementor-widget-blockquote\" data-id=\"38f6ed4\" data-element_type=\"widget\" data-e-type=\"widget\" data-widget_type=\"blockquote.default\">\n\t\t\t\t<div class=\"elementor-widget-container\">\n\t\t\t\t\t\t\t<blockquote class=\"elementor-blockquote\">\n\t\t\t<p class=\"elementor-blockquote__content\">\n\t\t\t\tIt's advisable to contact the National Park Visitor Centres before starting your visit, as they can provide useful information and valuable recommendations for travellers. You can also arrange for guides who will help you prepare for and navigate some of the park\u2019s trails. As mentioned earlier, it\u2019s crucial to bring appropriate high-altitude gear. If possible, it\u2019s best to visit with others for safety reasons. In case of an emergency, seek out one of the park\u2019s refuges, which are equipped with radios connected to the fire service. Finally, we recommend bringing binoculars to observe the wildlife from a safe distance.\t\t\t<\/p>\n\t\t\t\t\t<\/blockquote>\n\t\t\t\t\t\t<\/div>\n\t\t\t\t<\/div>\n\t\t\t\t\t<\/div>\n\t\t<\/div>\n\t\t\t\t\t<\/div>\n\t\t<\/section>\n\t\t\t\t<section class=\"elementor-section elementor-top-section elementor-element elementor-element-d2efb7a elementor-section-boxed elementor-section-height-default elementor-section-height-default\" data-id=\"d2efb7a\" data-element_type=\"section\" data-e-type=\"section\">\n\t\t\t\t\t\t<div class=\"elementor-container elementor-column-gap-default\">\n\t\t\t\t\t<div class=\"elementor-column elementor-col-100 elementor-top-column elementor-element elementor-element-0ae2901\" data-id=\"0ae2901\" data-element_type=\"column\" data-e-type=\"column\">\n\t\t\t<div class=\"elementor-widget-wrap elementor-element-populated\">\n\t\t\t\t\t\t<div class=\"elementor-element elementor-element-5337c26 elementor-widget elementor-widget-text-editor\" data-id=\"5337c26\" data-element_type=\"widget\" data-e-type=\"widget\" data-widget_type=\"text-editor.default\">\n\t\t\t\t<div class=\"elementor-widget-container\">\n\t\t\t\t\t\t\t\t\t<p>Don\u2019t waste any more time\u2014start planning your trip to Aig\u00fcestortes i Estany de Sant Maurici National Park today. This natural wonder is perfect for all types of visitors and offers unique experiences you won\u2019t find anywhere else. Get ready to feel new emotions as you discover breathtaking landscapes and embark on a wonderful adventure.<\/p><p>To find the best accommodations in the area, visit <a href=\"https:\/\/www.totiaranalquilerbaqueira.com\/\">Toti Aran<\/a>, select your dates and the number of guests, and you\u2019re all set. You\u2019ll have access to a range of houses, apartments, and chalets with all the comfort and features you\u2019re looking for. We want your stay in the Pyrenees to be perfect.<\/p>\t\t\t\t\t\t\t\t<\/div>\n\t\t\t\t<\/div>\n\t\t\t\t\t<\/div>\n\t\t<\/div>\n\t\t\t\t\t<\/div>\n\t\t<\/section>\n\t\t\t\t<section class=\"elementor-section elementor-top-section elementor-element elementor-element-5d52bf51 elementor-section-boxed elementor-section-height-default elementor-section-height-default\" data-id=\"5d52bf51\" data-element_type=\"section\" data-e-type=\"section\">\n\t\t\t\t\t\t<div class=\"elementor-container elementor-column-gap-default\">\n\t\t\t\t\t<div class=\"elementor-column elementor-col-50 elementor-top-column elementor-element elementor-element-32cfb422\" data-id=\"32cfb422\" data-element_type=\"column\" data-e-type=\"column\">\n\t\t\t<div class=\"elementor-widget-wrap elementor-element-populated\">\n\t\t\t\t\t\t<div class=\"elementor-element elementor-element-1c4e6249 elementor-align-center elementor-widget elementor-widget-button\" data-id=\"1c4e6249\" data-element_type=\"widget\" data-e-type=\"widget\" data-widget_type=\"button.default\">\n\t\t\t\t<div class=\"elementor-widget-container\">\n\t\t\t\t\t\t\t\t\t<div class=\"elementor-button-wrapper\">\n\t\t\t\t\t<a class=\"elementor-button elementor-button-link elementor-size-sm\" href=\"https:\/\/www.totiaranalquilerbaqueira.com\/en\/rentals\/rentals-baqueira-d1396\/\">\n\t\t\t\t\t\t<span class=\"elementor-button-content-wrapper\">\n\t\t\t\t\t\t\t\t\t<span class=\"elementor-button-text\">Accommodation in Baqueira<\/span>\n\t\t\t\t\t<\/span>\n\t\t\t\t\t<\/a>\n\t\t\t\t<\/div>\n\t\t\t\t\t\t\t\t<\/div>\n\t\t\t\t<\/div>\n\t\t\t\t\t<\/div>\n\t\t<\/div>\n\t\t\t\t<div class=\"elementor-column elementor-col-50 elementor-top-column elementor-element elementor-element-494ea618\" data-id=\"494ea618\" data-element_type=\"column\" data-e-type=\"column\">\n\t\t\t<div class=\"elementor-widget-wrap elementor-element-populated\">\n\t\t\t\t\t\t<div class=\"elementor-element elementor-element-42d7132e elementor-align-center elementor-widget elementor-widget-button\" data-id=\"42d7132e\" data-element_type=\"widget\" data-e-type=\"widget\" data-widget_type=\"button.default\">\n\t\t\t\t<div class=\"elementor-widget-container\">\n\t\t\t\t\t\t\t\t\t<div class=\"elementor-button-wrapper\">\n\t\t\t\t\t<a class=\"elementor-button elementor-button-link elementor-size-sm\" href=\"https:\/\/www.totiaranalquilerbaqueira.com\/en\/rentals\/holidays-rentals-rentals-u0\/\">\n\t\t\t\t\t\t<span class=\"elementor-button-content-wrapper\">\n\t\t\t\t\t\t\t\t\t<span class=\"elementor-button-text\">Accommodation in  Valle de Ar\u00e1n<\/span>\n\t\t\t\t\t<\/span>\n\t\t\t\t\t<\/a>\n\t\t\t\t<\/div>\n\t\t\t\t\t\t\t\t<\/div>\n\t\t\t\t<\/div>\n\t\t\t\t\t<\/div>\n\t\t<\/div>\n\t\t\t\t\t<\/div>\n\t\t<\/section>\n\t\t\t\t<\/div>\n\t\t","protected":false},"excerpt":{"rendered":"<p>Visiting a national park is an incredible experience: the breathtaking landscapes, the power of nature, the fresh air, and the sense of tranquillity are indescribable. That\u2019s why visiting the Aig\u00fcestortes i Estany de Sant Maurici National Park is something you should do at least once in your lifetime. This national park is undoubtedly one of [&hellip;]<\/p>\n","protected":false},"author":2,"featured_media":4070,"comment_status":"open","ping_status":"open","sticky":false,"template":"","format":"standard","meta":{"footnotes":""},"categories":[122],"tags":[],"class_list":["post-4124","post","type-post","status-publish","format-standard","has-post-thumbnail","hentry","category-activities-in-aran-valley"],"yoast_head":"<!-- This site is optimized with the Yoast SEO plugin v27.4 - https:\/\/yoast.com\/product\/yoast-seo-wordpress\/ -->\n<title>Parc Nacional d&#039;Aig\u00fcestortes i Estany de Sant Maurici - Blog<\/title>\n<meta name=\"description\" content=\"Explore the Parc Nacional d&#039;Aig\u00fcestortes i Estany de Sant Maurici and enjoy unique natural landscapes. Live an adventure now!\" \/>\n<meta name=\"robots\" content=\"index, follow, max-snippet:-1, max-image-preview:large, max-video-preview:-1\" \/>\n<link rel=\"canonical\" href=\"https:\/\/www.totiaranalquilerbaqueira.com\/blog\/en\/aiguestortes-i-estany-de-sant-maurici-national-park\/\" \/>\n<meta property=\"og:locale\" content=\"en_US\" \/>\n<meta property=\"og:type\" content=\"article\" \/>\n<meta property=\"og:title\" content=\"Parc Nacional d&#039;Aig\u00fcestortes i Estany de Sant Maurici - Blog\" \/>\n<meta property=\"og:description\" content=\"Explore the Parc Nacional d&#039;Aig\u00fcestortes i Estany de Sant Maurici and enjoy unique natural landscapes. Live an adventure now!\" \/>\n<meta property=\"og:url\" content=\"https:\/\/www.totiaranalquilerbaqueira.com\/blog\/en\/aiguestortes-i-estany-de-sant-maurici-national-park\/\" \/>\n<meta property=\"og:site_name\" content=\"Blog\" \/>\n<meta property=\"article:published_time\" content=\"2024-09-20T07:03:17+00:00\" \/>\n<meta property=\"article:modified_time\" content=\"2024-10-23T08:12:49+00:00\" \/>\n<meta property=\"og:image\" content=\"https:\/\/www.totiaranalquilerbaqueira.com\/blog\/wp-content\/uploads\/2024\/09\/Parc-nacional-daiguestortes-i-estany-de-sant-maurici-vistas.jpg\" \/>\n\t<meta property=\"og:image:width\" content=\"2121\" \/>\n\t<meta property=\"og:image:height\" content=\"707\" \/>\n\t<meta property=\"og:image:type\" content=\"image\/jpeg\" \/>\n<meta name=\"author\" content=\"digitalservices\" \/>\n<meta name=\"twitter:card\" content=\"summary_large_image\" \/>\n<meta name=\"twitter:label1\" content=\"Written by\" \/>\n\t<meta name=\"twitter:data1\" content=\"digitalservices\" \/>\n\t<meta name=\"twitter:label2\" content=\"Est. reading time\" \/>\n\t<meta name=\"twitter:data2\" content=\"5 minutes\" \/>\n<script type=\"application\/ld+json\" class=\"yoast-schema-graph\">{\"@context\":\"https:\\\/\\\/schema.org\",\"@graph\":[{\"@type\":\"Article\",\"@id\":\"https:\\\/\\\/www.totiaranalquilerbaqueira.com\\\/blog\\\/en\\\/aiguestortes-i-estany-de-sant-maurici-national-park\\\/#article\",\"isPartOf\":{\"@id\":\"https:\\\/\\\/www.totiaranalquilerbaqueira.com\\\/blog\\\/en\\\/aiguestortes-i-estany-de-sant-maurici-national-park\\\/\"},\"author\":{\"name\":\"digitalservices\",\"@id\":\"https:\\\/\\\/www.totiaranalquilerbaqueira.com\\\/blog\\\/en\\\/#\\\/schema\\\/person\\\/5719c6a420b4471b1e367fc7c20852fc\"},\"headline\":\"Nature in Its Purest Form: Aig\u00fcestortes i Estany de Sant Maurici National Park\",\"datePublished\":\"2024-09-20T07:03:17+00:00\",\"dateModified\":\"2024-10-23T08:12:49+00:00\",\"mainEntityOfPage\":{\"@id\":\"https:\\\/\\\/www.totiaranalquilerbaqueira.com\\\/blog\\\/en\\\/aiguestortes-i-estany-de-sant-maurici-national-park\\\/\"},\"wordCount\":1004,\"commentCount\":0,\"publisher\":{\"@id\":\"https:\\\/\\\/www.totiaranalquilerbaqueira.com\\\/blog\\\/en\\\/#organization\"},\"image\":{\"@id\":\"https:\\\/\\\/www.totiaranalquilerbaqueira.com\\\/blog\\\/en\\\/aiguestortes-i-estany-de-sant-maurici-national-park\\\/#primaryimage\"},\"thumbnailUrl\":\"https:\\\/\\\/www.totiaranalquilerbaqueira.com\\\/blog\\\/wp-content\\\/uploads\\\/2024\\\/09\\\/Parc-nacional-daiguestortes-i-estany-de-sant-maurici-vistas.jpg\",\"articleSection\":[\"Activities in Aran Valley\"],\"inLanguage\":\"en-UK\",\"potentialAction\":[{\"@type\":\"CommentAction\",\"name\":\"Comment\",\"target\":[\"https:\\\/\\\/www.totiaranalquilerbaqueira.com\\\/blog\\\/en\\\/aiguestortes-i-estany-de-sant-maurici-national-park\\\/#respond\"]}]},{\"@type\":\"WebPage\",\"@id\":\"https:\\\/\\\/www.totiaranalquilerbaqueira.com\\\/blog\\\/en\\\/aiguestortes-i-estany-de-sant-maurici-national-park\\\/\",\"url\":\"https:\\\/\\\/www.totiaranalquilerbaqueira.com\\\/blog\\\/en\\\/aiguestortes-i-estany-de-sant-maurici-national-park\\\/\",\"name\":\"Parc Nacional d'Aig\u00fcestortes i Estany de Sant Maurici - Blog\",\"isPartOf\":{\"@id\":\"https:\\\/\\\/www.totiaranalquilerbaqueira.com\\\/blog\\\/en\\\/#website\"},\"primaryImageOfPage\":{\"@id\":\"https:\\\/\\\/www.totiaranalquilerbaqueira.com\\\/blog\\\/en\\\/aiguestortes-i-estany-de-sant-maurici-national-park\\\/#primaryimage\"},\"image\":{\"@id\":\"https:\\\/\\\/www.totiaranalquilerbaqueira.com\\\/blog\\\/en\\\/aiguestortes-i-estany-de-sant-maurici-national-park\\\/#primaryimage\"},\"thumbnailUrl\":\"https:\\\/\\\/www.totiaranalquilerbaqueira.com\\\/blog\\\/wp-content\\\/uploads\\\/2024\\\/09\\\/Parc-nacional-daiguestortes-i-estany-de-sant-maurici-vistas.jpg\",\"datePublished\":\"2024-09-20T07:03:17+00:00\",\"dateModified\":\"2024-10-23T08:12:49+00:00\",\"description\":\"Explore the Parc Nacional d'Aig\u00fcestortes i Estany de Sant Maurici and enjoy unique natural landscapes. Live an adventure now!\",\"breadcrumb\":{\"@id\":\"https:\\\/\\\/www.totiaranalquilerbaqueira.com\\\/blog\\\/en\\\/aiguestortes-i-estany-de-sant-maurici-national-park\\\/#breadcrumb\"},\"inLanguage\":\"en-UK\",\"potentialAction\":[{\"@type\":\"ReadAction\",\"target\":[\"https:\\\/\\\/www.totiaranalquilerbaqueira.com\\\/blog\\\/en\\\/aiguestortes-i-estany-de-sant-maurici-national-park\\\/\"]}]},{\"@type\":\"ImageObject\",\"inLanguage\":\"en-UK\",\"@id\":\"https:\\\/\\\/www.totiaranalquilerbaqueira.com\\\/blog\\\/en\\\/aiguestortes-i-estany-de-sant-maurici-national-park\\\/#primaryimage\",\"url\":\"https:\\\/\\\/www.totiaranalquilerbaqueira.com\\\/blog\\\/wp-content\\\/uploads\\\/2024\\\/09\\\/Parc-nacional-daiguestortes-i-estany-de-sant-maurici-vistas.jpg\",\"contentUrl\":\"https:\\\/\\\/www.totiaranalquilerbaqueira.com\\\/blog\\\/wp-content\\\/uploads\\\/2024\\\/09\\\/Parc-nacional-daiguestortes-i-estany-de-sant-maurici-vistas.jpg\",\"width\":2121,\"height\":707,\"caption\":\"Parc-nacional-aiguestortes-i-estany-de-sant-maurici-vistas\"},{\"@type\":\"BreadcrumbList\",\"@id\":\"https:\\\/\\\/www.totiaranalquilerbaqueira.com\\\/blog\\\/en\\\/aiguestortes-i-estany-de-sant-maurici-national-park\\\/#breadcrumb\",\"itemListElement\":[{\"@type\":\"ListItem\",\"position\":1,\"name\":\"Portada\",\"item\":\"https:\\\/\\\/www.totiaranalquilerbaqueira.com\\\/blog\\\/en\\\/\"},{\"@type\":\"ListItem\",\"position\":2,\"name\":\"Nature in Its Purest Form: Aig\u00fcestortes i Estany de Sant Maurici National Park\"}]},{\"@type\":\"WebSite\",\"@id\":\"https:\\\/\\\/www.totiaranalquilerbaqueira.com\\\/blog\\\/en\\\/#website\",\"url\":\"https:\\\/\\\/www.totiaranalquilerbaqueira.com\\\/blog\\\/en\\\/\",\"name\":\"Blog\",\"description\":\"Totiaranalquilerbaqueira\",\"publisher\":{\"@id\":\"https:\\\/\\\/www.totiaranalquilerbaqueira.com\\\/blog\\\/en\\\/#organization\"},\"potentialAction\":[{\"@type\":\"SearchAction\",\"target\":{\"@type\":\"EntryPoint\",\"urlTemplate\":\"https:\\\/\\\/www.totiaranalquilerbaqueira.com\\\/blog\\\/en\\\/?s={search_term_string}\"},\"query-input\":{\"@type\":\"PropertyValueSpecification\",\"valueRequired\":true,\"valueName\":\"search_term_string\"}}],\"inLanguage\":\"en-UK\"},{\"@type\":\"Organization\",\"@id\":\"https:\\\/\\\/www.totiaranalquilerbaqueira.com\\\/blog\\\/en\\\/#organization\",\"name\":\"Blog\",\"url\":\"https:\\\/\\\/www.totiaranalquilerbaqueira.com\\\/blog\\\/en\\\/\",\"logo\":{\"@type\":\"ImageObject\",\"inLanguage\":\"en-UK\",\"@id\":\"https:\\\/\\\/www.totiaranalquilerbaqueira.com\\\/blog\\\/en\\\/#\\\/schema\\\/logo\\\/image\\\/\",\"url\":\"https:\\\/\\\/www.totiaranalquilerbaqueira.com\\\/blog\\\/wp-content\\\/uploads\\\/2024\\\/08\\\/logo-totiaran-baqueira.png\",\"contentUrl\":\"https:\\\/\\\/www.totiaranalquilerbaqueira.com\\\/blog\\\/wp-content\\\/uploads\\\/2024\\\/08\\\/logo-totiaran-baqueira.png\",\"width\":400,\"height\":84,\"caption\":\"Blog\"},\"image\":{\"@id\":\"https:\\\/\\\/www.totiaranalquilerbaqueira.com\\\/blog\\\/en\\\/#\\\/schema\\\/logo\\\/image\\\/\"}},{\"@type\":\"Person\",\"@id\":\"https:\\\/\\\/www.totiaranalquilerbaqueira.com\\\/blog\\\/en\\\/#\\\/schema\\\/person\\\/5719c6a420b4471b1e367fc7c20852fc\",\"name\":\"digitalservices\",\"image\":{\"@type\":\"ImageObject\",\"inLanguage\":\"en-UK\",\"@id\":\"https:\\\/\\\/secure.gravatar.com\\\/avatar\\\/af30f88a1904294c1f3eb09a9d7903eec4ffa18fa2cf40c28a8681014ecdfc20?s=96&d=mm&r=g\",\"url\":\"https:\\\/\\\/secure.gravatar.com\\\/avatar\\\/af30f88a1904294c1f3eb09a9d7903eec4ffa18fa2cf40c28a8681014ecdfc20?s=96&d=mm&r=g\",\"contentUrl\":\"https:\\\/\\\/secure.gravatar.com\\\/avatar\\\/af30f88a1904294c1f3eb09a9d7903eec4ffa18fa2cf40c28a8681014ecdfc20?s=96&d=mm&r=g\",\"caption\":\"digitalservices\"},\"url\":\"https:\\\/\\\/www.totiaranalquilerbaqueira.com\\\/blog\\\/en\\\/author\\\/digitalservices\\\/\"}]}<\/script>\n<!-- \/ Yoast SEO plugin. -->","yoast_head_json":{"title":"Parc Nacional d'Aig\u00fcestortes i Estany de Sant Maurici - Blog","description":"Explore the Parc Nacional d'Aig\u00fcestortes i Estany de Sant Maurici and enjoy unique natural landscapes. Live an adventure now!","robots":{"index":"index","follow":"follow","max-snippet":"max-snippet:-1","max-image-preview":"max-image-preview:large","max-video-preview":"max-video-preview:-1"},"canonical":"https:\/\/www.totiaranalquilerbaqueira.com\/blog\/en\/aiguestortes-i-estany-de-sant-maurici-national-park\/","og_locale":"en_US","og_type":"article","og_title":"Parc Nacional d'Aig\u00fcestortes i Estany de Sant Maurici - Blog","og_description":"Explore the Parc Nacional d'Aig\u00fcestortes i Estany de Sant Maurici and enjoy unique natural landscapes. Live an adventure now!","og_url":"https:\/\/www.totiaranalquilerbaqueira.com\/blog\/en\/aiguestortes-i-estany-de-sant-maurici-national-park\/","og_site_name":"Blog","article_published_time":"2024-09-20T07:03:17+00:00","article_modified_time":"2024-10-23T08:12:49+00:00","og_image":[{"width":2121,"height":707,"url":"https:\/\/www.totiaranalquilerbaqueira.com\/blog\/wp-content\/uploads\/2024\/09\/Parc-nacional-daiguestortes-i-estany-de-sant-maurici-vistas.jpg","type":"image\/jpeg"}],"author":"digitalservices","twitter_card":"summary_large_image","twitter_misc":{"Written by":"digitalservices","Est. reading time":"5 minutes"},"schema":{"@context":"https:\/\/schema.org","@graph":[{"@type":"Article","@id":"https:\/\/www.totiaranalquilerbaqueira.com\/blog\/en\/aiguestortes-i-estany-de-sant-maurici-national-park\/#article","isPartOf":{"@id":"https:\/\/www.totiaranalquilerbaqueira.com\/blog\/en\/aiguestortes-i-estany-de-sant-maurici-national-park\/"},"author":{"name":"digitalservices","@id":"https:\/\/www.totiaranalquilerbaqueira.com\/blog\/en\/#\/schema\/person\/5719c6a420b4471b1e367fc7c20852fc"},"headline":"Nature in Its Purest Form: Aig\u00fcestortes i Estany de Sant Maurici National Park","datePublished":"2024-09-20T07:03:17+00:00","dateModified":"2024-10-23T08:12:49+00:00","mainEntityOfPage":{"@id":"https:\/\/www.totiaranalquilerbaqueira.com\/blog\/en\/aiguestortes-i-estany-de-sant-maurici-national-park\/"},"wordCount":1004,"commentCount":0,"publisher":{"@id":"https:\/\/www.totiaranalquilerbaqueira.com\/blog\/en\/#organization"},"image":{"@id":"https:\/\/www.totiaranalquilerbaqueira.com\/blog\/en\/aiguestortes-i-estany-de-sant-maurici-national-park\/#primaryimage"},"thumbnailUrl":"https:\/\/www.totiaranalquilerbaqueira.com\/blog\/wp-content\/uploads\/2024\/09\/Parc-nacional-daiguestortes-i-estany-de-sant-maurici-vistas.jpg","articleSection":["Activities in Aran Valley"],"inLanguage":"en-UK","potentialAction":[{"@type":"CommentAction","name":"Comment","target":["https:\/\/www.totiaranalquilerbaqueira.com\/blog\/en\/aiguestortes-i-estany-de-sant-maurici-national-park\/#respond"]}]},{"@type":"WebPage","@id":"https:\/\/www.totiaranalquilerbaqueira.com\/blog\/en\/aiguestortes-i-estany-de-sant-maurici-national-park\/","url":"https:\/\/www.totiaranalquilerbaqueira.com\/blog\/en\/aiguestortes-i-estany-de-sant-maurici-national-park\/","name":"Parc Nacional d'Aig\u00fcestortes i Estany de Sant Maurici - Blog","isPartOf":{"@id":"https:\/\/www.totiaranalquilerbaqueira.com\/blog\/en\/#website"},"primaryImageOfPage":{"@id":"https:\/\/www.totiaranalquilerbaqueira.com\/blog\/en\/aiguestortes-i-estany-de-sant-maurici-national-park\/#primaryimage"},"image":{"@id":"https:\/\/www.totiaranalquilerbaqueira.com\/blog\/en\/aiguestortes-i-estany-de-sant-maurici-national-park\/#primaryimage"},"thumbnailUrl":"https:\/\/www.totiaranalquilerbaqueira.com\/blog\/wp-content\/uploads\/2024\/09\/Parc-nacional-daiguestortes-i-estany-de-sant-maurici-vistas.jpg","datePublished":"2024-09-20T07:03:17+00:00","dateModified":"2024-10-23T08:12:49+00:00","description":"Explore the Parc Nacional d'Aig\u00fcestortes i Estany de Sant Maurici and enjoy unique natural landscapes. Live an adventure now!","breadcrumb":{"@id":"https:\/\/www.totiaranalquilerbaqueira.com\/blog\/en\/aiguestortes-i-estany-de-sant-maurici-national-park\/#breadcrumb"},"inLanguage":"en-UK","potentialAction":[{"@type":"ReadAction","target":["https:\/\/www.totiaranalquilerbaqueira.com\/blog\/en\/aiguestortes-i-estany-de-sant-maurici-national-park\/"]}]},{"@type":"ImageObject","inLanguage":"en-UK","@id":"https:\/\/www.totiaranalquilerbaqueira.com\/blog\/en\/aiguestortes-i-estany-de-sant-maurici-national-park\/#primaryimage","url":"https:\/\/www.totiaranalquilerbaqueira.com\/blog\/wp-content\/uploads\/2024\/09\/Parc-nacional-daiguestortes-i-estany-de-sant-maurici-vistas.jpg","contentUrl":"https:\/\/www.totiaranalquilerbaqueira.com\/blog\/wp-content\/uploads\/2024\/09\/Parc-nacional-daiguestortes-i-estany-de-sant-maurici-vistas.jpg","width":2121,"height":707,"caption":"Parc-nacional-aiguestortes-i-estany-de-sant-maurici-vistas"},{"@type":"BreadcrumbList","@id":"https:\/\/www.totiaranalquilerbaqueira.com\/blog\/en\/aiguestortes-i-estany-de-sant-maurici-national-park\/#breadcrumb","itemListElement":[{"@type":"ListItem","position":1,"name":"Portada","item":"https:\/\/www.totiaranalquilerbaqueira.com\/blog\/en\/"},{"@type":"ListItem","position":2,"name":"Nature in Its Purest Form: Aig\u00fcestortes i Estany de Sant Maurici National Park"}]},{"@type":"WebSite","@id":"https:\/\/www.totiaranalquilerbaqueira.com\/blog\/en\/#website","url":"https:\/\/www.totiaranalquilerbaqueira.com\/blog\/en\/","name":"Blog","description":"Totiaranalquilerbaqueira","publisher":{"@id":"https:\/\/www.totiaranalquilerbaqueira.com\/blog\/en\/#organization"},"potentialAction":[{"@type":"SearchAction","target":{"@type":"EntryPoint","urlTemplate":"https:\/\/www.totiaranalquilerbaqueira.com\/blog\/en\/?s={search_term_string}"},"query-input":{"@type":"PropertyValueSpecification","valueRequired":true,"valueName":"search_term_string"}}],"inLanguage":"en-UK"},{"@type":"Organization","@id":"https:\/\/www.totiaranalquilerbaqueira.com\/blog\/en\/#organization","name":"Blog","url":"https:\/\/www.totiaranalquilerbaqueira.com\/blog\/en\/","logo":{"@type":"ImageObject","inLanguage":"en-UK","@id":"https:\/\/www.totiaranalquilerbaqueira.com\/blog\/en\/#\/schema\/logo\/image\/","url":"https:\/\/www.totiaranalquilerbaqueira.com\/blog\/wp-content\/uploads\/2024\/08\/logo-totiaran-baqueira.png","contentUrl":"https:\/\/www.totiaranalquilerbaqueira.com\/blog\/wp-content\/uploads\/2024\/08\/logo-totiaran-baqueira.png","width":400,"height":84,"caption":"Blog"},"image":{"@id":"https:\/\/www.totiaranalquilerbaqueira.com\/blog\/en\/#\/schema\/logo\/image\/"}},{"@type":"Person","@id":"https:\/\/www.totiaranalquilerbaqueira.com\/blog\/en\/#\/schema\/person\/5719c6a420b4471b1e367fc7c20852fc","name":"digitalservices","image":{"@type":"ImageObject","inLanguage":"en-UK","@id":"https:\/\/secure.gravatar.com\/avatar\/af30f88a1904294c1f3eb09a9d7903eec4ffa18fa2cf40c28a8681014ecdfc20?s=96&d=mm&r=g","url":"https:\/\/secure.gravatar.com\/avatar\/af30f88a1904294c1f3eb09a9d7903eec4ffa18fa2cf40c28a8681014ecdfc20?s=96&d=mm&r=g","contentUrl":"https:\/\/secure.gravatar.com\/avatar\/af30f88a1904294c1f3eb09a9d7903eec4ffa18fa2cf40c28a8681014ecdfc20?s=96&d=mm&r=g","caption":"digitalservices"},"url":"https:\/\/www.totiaranalquilerbaqueira.com\/blog\/en\/author\/digitalservices\/"}]}},"_links":{"self":[{"href":"https:\/\/www.totiaranalquilerbaqueira.com\/blog\/en\/wp-json\/wp\/v2\/posts\/4124","targetHints":{"allow":["GET"]}}],"collection":[{"href":"https:\/\/www.totiaranalquilerbaqueira.com\/blog\/en\/wp-json\/wp\/v2\/posts"}],"about":[{"href":"https:\/\/www.totiaranalquilerbaqueira.com\/blog\/en\/wp-json\/wp\/v2\/types\/post"}],"author":[{"embeddable":true,"href":"https:\/\/www.totiaranalquilerbaqueira.com\/blog\/en\/wp-json\/wp\/v2\/users\/2"}],"replies":[{"embeddable":true,"href":"https:\/\/www.totiaranalquilerbaqueira.com\/blog\/en\/wp-json\/wp\/v2\/comments?post=4124"}],"version-history":[{"count":8,"href":"https:\/\/www.totiaranalquilerbaqueira.com\/blog\/en\/wp-json\/wp\/v2\/posts\/4124\/revisions"}],"predecessor-version":[{"id":4133,"href":"https:\/\/www.totiaranalquilerbaqueira.com\/blog\/en\/wp-json\/wp\/v2\/posts\/4124\/revisions\/4133"}],"wp:featuredmedia":[{"embeddable":true,"href":"https:\/\/www.totiaranalquilerbaqueira.com\/blog\/en\/wp-json\/wp\/v2\/media\/4070"}],"wp:attachment":[{"href":"https:\/\/www.totiaranalquilerbaqueira.com\/blog\/en\/wp-json\/wp\/v2\/media?parent=4124"}],"wp:term":[{"taxonomy":"category","embeddable":true,"href":"https:\/\/www.totiaranalquilerbaqueira.com\/blog\/en\/wp-json\/wp\/v2\/categories?post=4124"},{"taxonomy":"post_tag","embeddable":true,"href":"https:\/\/www.totiaranalquilerbaqueira.com\/blog\/en\/wp-json\/wp\/v2\/tags?post=4124"}],"curies":[{"name":"wp","href":"https:\/\/api.w.org\/{rel}","templated":true}]}}